{"id":1187,"date":"2016-05-31T16:21:24","date_gmt":"2016-05-31T14:21:24","guid":{"rendered":"http:\/\/www.nsu-nebenklage.de\/en\/?p=1187"},"modified":"2016-05-31T16:21:24","modified_gmt":"2016-05-31T14:21:24","slug":"31-may-2016","status":"publish","type":"post","link":"https:\/\/www.nsu-nebenklage.de\/en\/2016\/05\/31\/31-may-2016\/","title":{"rendered":"31 May 2016"},"content":{"rendered":"<h4>On B\u00f6hnhardt\u2019s, Zsch\u00e4pe\u2019s and Mundlos\u2019 vacation after the Keupstra\u00dfe bombing attack<\/h4>\n<p>Today the court heard three witness concerning the vacation in Northern Germany which B\u00f6hnhardt, Zsch\u00e4pe and Mundlos took in the summer of 2004, only weeks after the nail bomb attack in the Keupstra\u00dfe in Cologne. Zsch\u00e4pe had claimed in court that things had become frosty between her and the two men after they told her of the attack, but vacation photos found in the Fr\u00fchlingsstra\u00dfe apartment show all three in a very relaxed and happy mood. Today the court heard the owner of a camping site and two police officers who had considered the documents concerning this vacation.<\/p>\n","protected":false},"excerpt":{"rendered":"<p>On B\u00f6hnhardt\u2019s, Zsch\u00e4pe\u2019s and Mundlos\u2019 vacation after the Keupstra\u00dfe bombing attack Today the court heard three witness concerning the vacation in Northern Germany which B\u00f6hnhardt, Zsch\u00e4pe and Mundlos took in the summer of 2004, only weeks after the nail bomb attack in the Keupstra\u00dfe in Cologne. Zsch\u00e4pe had claimed in court that things had become [&hellip;]<\/p>\n","protected":false},"author":1,"featured_media":0,"comment_status":"closed","ping_status":"closed","sticky":false,"template":"","format":"standard","meta":{"footnotes":""},"categories":[1],"tags":[],"class_list":["post-1187","post","type-post","status-publish","format-standard","hentry","category-allgemein"],"_links":{"self":[{"href":"https:\/\/www.nsu-nebenklage.de\/en\/wp-json\/wp\/v2\/posts\/1187","targetHints":{"allow":["GET"]}}],"collection":[{"href":"https:\/\/www.nsu-nebenklage.de\/en\/wp-json\/wp\/v2\/posts"}],"about":[{"href":"https:\/\/www.nsu-nebenklage.de\/en\/wp-json\/wp\/v2\/types\/post"}],"author":[{"embeddable":true,"href":"https:\/\/www.nsu-nebenklage.de\/en\/wp-json\/wp\/v2\/users\/1"}],"replies":[{"embeddable":true,"href":"https:\/\/www.nsu-nebenklage.de\/en\/wp-json\/wp\/v2\/comments?post=1187"}],"version-history":[{"count":1,"href":"https:\/\/www.nsu-nebenklage.de\/en\/wp-json\/wp\/v2\/posts\/1187\/revisions"}],"predecessor-version":[{"id":1188,"href":"https:\/\/www.nsu-nebenklage.de\/en\/wp-json\/wp\/v2\/posts\/1187\/revisions\/1188"}],"wp:attachment":[{"href":"https:\/\/www.nsu-nebenklage.de\/en\/wp-json\/wp\/v2\/media?parent=1187"}],"wp:term":[{"taxonomy":"category","embeddable":true,"href":"https:\/\/www.nsu-nebenklage.de\/en\/wp-json\/wp\/v2\/categories?post=1187"},{"taxonomy":"post_tag","embeddable":true,"href":"https:\/\/www.nsu-nebenklage.de\/en\/wp-json\/wp\/v2\/tags?post=1187"}],"curies":[{"name":"wp","href":"https:\/\/api.w.org\/{rel}","templated":true}]}}