{"id":1428,"date":"2017-07-01T22:50:13","date_gmt":"2017-07-01T20:50:13","guid":{"rendered":"http:\/\/www.nsu-nebenklage.de\/en\/?p=1428"},"modified":"2017-07-01T22:50:13","modified_gmt":"2017-07-01T20:50:13","slug":"29-june-2017","status":"publish","type":"post","link":"https:\/\/www.nsu-nebenklage.de\/en\/2017\/07\/01\/29-june-2017\/","title":{"rendered":"29 June 2017"},"content":{"rendered":"<h4>Another motion for evidence rejected, another challenge for alleged bias brought<\/h4>\n<p>The assigned counsel of accused Zsch\u00e4pe announced today that they did not have any questions for expert witness Prof. Sa\u00df. Thus Sa\u00df\u2019 expert testimony could finally be concluded, after a period of roughly six months during which he had time and again appeared in the courtroom to give his expert opinion and to answer questions. The defense announced that they would make further comments on their motion for an additional expert witness. They have been given until next week to do so.<\/p>\n<p>The Wohlleben defense again tried its hand at conspiracy theory motions, asking for evidence concerning alleged gunshot residues on gloves found in the house of secret service officer Andreas Temme which allegedly conformed to the ammunition used in the commission of the murders. Of course, the defense neglected to mention that other evidence conclusively proves that Temme could not have been the shooter. Their motion will be rejected, like many before it.<!--more--><\/p>\n<p>Another motion concerning Temme was brought by victims\u2019 counsel for the Yozgat family, who are trying to prove that Temme had lied to the court. Sadly, this motion will also be denied too \u2013 the court has made very clear that it is not at all interested in clearing up the many inconsistencies in his statements and instead willing to simply believe everything Temme says (see the report of\u00a0<a href=\"http:\/\/www.nsu-nebenklage.de\/en\/2016\/07\/12\/12-july-2016\/\" target=\"_blank\" rel=\"noopener\">12 July 2016<\/a>).<\/p>\n<p>The court then rejected two further motions by the Wohlleben defense, including the motion for an expert witness (see the report of\u00a0<a href=\"http:\/\/www.nsu-nebenklage.de\/en\/2017\/06\/26\/21-june-2017\/\" target=\"_blank\" rel=\"noopener\">21 June 2017<\/a>). The defense reacted by way of another challenge for alleged bias, which will again be unsuccessful, but will again eat time.<\/p>\n<p>The trial day next Tuesday has been cancelled. The trial will continue next Wednesday, 5 July 2017 with two witnesses on details concerning one apartment used by the NSU core trio. Their testimony, which is based on a motion for evidence by victims\u2019 counsel Eberhard Reinecke, may challenge another aspect in Zsch\u00e4pe\u2019s own testimony.<\/p>\n<p>&nbsp;<\/p>\n","protected":false},"excerpt":{"rendered":"<p>Another motion for evidence rejected, another challenge for alleged bias brought The assigned counsel of accused Zsch\u00e4pe announced today that they did not have any questions for expert witness Prof. Sa\u00df. Thus Sa\u00df\u2019 expert testimony could finally be concluded, after a period of roughly six months during which he had time and again appeared in [&hellip;]<\/p>\n","protected":false},"author":1,"featured_media":0,"comment_status":"closed","ping_status":"closed","sticky":false,"template":"","format":"standard","meta":{"footnotes":""},"categories":[1],"tags":[],"class_list":["post-1428","post","type-post","status-publish","format-standard","hentry","category-allgemein"],"_links":{"self":[{"href":"https:\/\/www.nsu-nebenklage.de\/en\/wp-json\/wp\/v2\/posts\/1428","targetHints":{"allow":["GET"]}}],"collection":[{"href":"https:\/\/www.nsu-nebenklage.de\/en\/wp-json\/wp\/v2\/posts"}],"about":[{"href":"https:\/\/www.nsu-nebenklage.de\/en\/wp-json\/wp\/v2\/types\/post"}],"author":[{"embeddable":true,"href":"https:\/\/www.nsu-nebenklage.de\/en\/wp-json\/wp\/v2\/users\/1"}],"replies":[{"embeddable":true,"href":"https:\/\/www.nsu-nebenklage.de\/en\/wp-json\/wp\/v2\/comments?post=1428"}],"version-history":[{"count":1,"href":"https:\/\/www.nsu-nebenklage.de\/en\/wp-json\/wp\/v2\/posts\/1428\/revisions"}],"predecessor-version":[{"id":1429,"href":"https:\/\/www.nsu-nebenklage.de\/en\/wp-json\/wp\/v2\/posts\/1428\/revisions\/1429"}],"wp:attachment":[{"href":"https:\/\/www.nsu-nebenklage.de\/en\/wp-json\/wp\/v2\/media?parent=1428"}],"wp:term":[{"taxonomy":"category","embeddable":true,"href":"https:\/\/www.nsu-nebenklage.de\/en\/wp-json\/wp\/v2\/categories?post=1428"},{"taxonomy":"post_tag","embeddable":true,"href":"https:\/\/www.nsu-nebenklage.de\/en\/wp-json\/wp\/v2\/tags?post=1428"}],"curies":[{"name":"wp","href":"https:\/\/api.w.org\/{rel}","templated":true}]}}