{"id":1011,"date":"2015-10-22T22:42:27","date_gmt":"2015-10-22T20:42:27","guid":{"rendered":"http:\/\/www.nsu-nebenklage.de\/tr\/?p=1011"},"modified":"2015-11-13T14:20:04","modified_gmt":"2015-11-13T13:20:04","slug":"22-10-2015","status":"publish","type":"post","link":"https:\/\/www.nsu-nebenklage.de\/tr\/2015\/10\/22\/22-10-2015\/","title":{"rendered":"22.10.2015"},"content":{"rendered":"<h4>KeupG\u00f6zetlemelere dair notlarla ilgili yeni ifadeler<\/h4>\n<p>Bug\u00fcn\u00fcn ilk tan\u0131\u011f\u0131, Fr\u00fchlingsstra\u00dfe&#8217;de bulunan Kiel haritalar\u0131n\u0131 incelemi\u015f olan bir Federal Kriminal Dairesi \u00e7al\u0131\u015fan\u0131yd\u0131. Sorgusunda aslen dikkat \u00e7ekici bir \u015fey yoktu. Listelenmi\u015f olan kurumlar\u0131 anlat\u0131rken tan\u0131k bir\u00e7ok kez &#8220;\u0130slamc\u0131&#8221; tabirini kulland\u0131 ve heyet ba\u015fkan\u0131n\u0131n bununla ne kastetti\u011fini sormas\u0131 \u00fczerine daha da batarak &#8220;Oryantal, Osmanl\u0131 vs. demek istiyorum&#8221; dedi. S\u00f6yledi\u011fine g\u00f6re kastetti\u011fi &#8220;Alman halk\u0131ndan farkl\u0131 bir k\u00f6kene sahip&#8221; insanlar\u0131 temsil eden kurumlard\u0131. Salondan ve izleyicilerden beklendi\u011fi \u00fczere gelen tepkiler \u00fczerine Wohlleben&#8217;in avukat\u0131 bir kez daha ger\u00e7ek bir sa\u011fc\u0131 avukat oldu\u011funu g\u00f6stererek sinirlendi ve heyet ba\u015fkan\u0131ndan salonda sessizli\u011fi sa\u011flamas\u0131n\u0131 istedi.<\/p>\n<p><!--more-->Ba\u015fka bir Federal Kriminal Dairesi memuresi ise farkl\u0131 \u015fehirlere ait haritalar ve adres listeleriyle ilgili bilgi verdi. Zwickau&#8217;ya ait materyalin \u00fczerinde Chemnitz&#8217;de oldu\u011fu gibi \u00e7ok say\u0131da yer i\u015faretlenmi\u015fti ama NSU&#8217;nun d\u00fc\u015fman profiline uygun akla gelebilecek hedefler yoktu. Bu i\u015faretler banka soygunlar\u0131ndaki ka\u00e7\u0131\u015f yollar\u0131 m\u0131 yoksa NSU&#8217;nun yap\u0131s\u0131yla ilgili yerler mi s\u00f6z konusu a\u00e7\u0131\u011fa \u00e7\u0131kar\u0131lamad\u0131.<\/p>\n<p>Greifswald ve Plauen&#8217;de \u00f6zellikle bankalar ve Sparkasse&#8217;ler g\u00f6zetlenmi\u015fti. Ludwigsburg ve Dortmund&#8217;da aralar\u0131nda T\u00fcrk ve \u0130slam derneklerinin, Eyalet Meclisi \u00fcyelerinin, T\u00fcrk k\u00f6kenli ki\u015filerin i\u015fletti\u011fi d\u00fckkanlar\u0131n \u015fahsen g\u00f6zetlendi\u011fi anla\u015f\u0131l\u0131yordu. Dortmund&#8217;la ilgili olarak &#8220;M\u00fchlheim K\u00f6ln&#8217;deki gibi bir konut b\u00f6lgesi&#8221; diye bir not vard\u0131 \u00f6rne\u011fin. Burada K\u00f6ln derken Keupstrasse&#8217;de 2001 Haziran&#8217;\u0131nda ger\u00e7ekle\u015fen sald\u0131r\u0131 kastediliyordu. 3.4.2006&#8217;da, yani Mehmet Kuba\u015f\u0131k cinayetinin bir g\u00fcn \u00f6ncesinde Dortmund&#8217;un bir haritas\u0131 ve orayla ilgili bir listenin \u00e7\u0131kt\u0131s\u0131 al\u0131nm\u0131\u015ft\u0131.<\/p>\n<p>Ard\u0131ndan m\u00fcdahil davac\u0131lar bir delil tespiti dilek\u00e7esi vererek Blood and Honour \u0130skandinavya&#8217;n\u0131n NS88 isimli da\u011f\u0131t\u0131c\u0131s\u0131 taraf\u0131ndan da\u011f\u0131t\u0131lan video magazini &#8220;Kriegsberichter&#8221;&#8216;in (Sava\u015f Muhabiri) incelenmesini istediler. Jena Silah Arkada\u015fl\u0131\u011f\u0131&#8217;n\u0131n kurucu \u00fcyelerinden biri \u00f6nceki hafta verdi\u011fi ifadede &#8220;yolda\u015flar\u0131n\u0131n&#8221; oldu\u011fu bu videolar\u0131 izleyip bunun \u00fczerine &#8220;militan bir \u00f6rg\u00fct&#8221; konusunda tart\u0131\u015fmalar yapt\u0131klar\u0131n\u0131 belirtmi\u015fti (bkz. <a href=\"http:\/\/www.nsu-nebenklage.de\/tr\/2015\/09\/16\/16-09-2015\/\" target=\"_blank\">16.09.2015<\/a> ve <a href=\"http:\/\/www.nsu-nebenklage.de\/tr\/2015\/10\/07\/07-10-2015\/\" target=\"_blank\">07.10.2015<\/a> tarihli bloglar). Bu videolar hen\u00fcz 90&#8217;lar\u0131n ortas\u0131nda geni\u015f bir alana yay\u0131lm\u0131\u015f olan ve NSU \u00fcyelerinin i\u00e7inden \u00e7\u0131kt\u0131\u011f\u0131 Jena Silah Arkada\u015fl\u0131\u011f\u0131&#8217;n\u0131n da sahip oldu\u011fu a\u015f\u0131r\u0131 \u015fiddet yanl\u0131s\u0131 \u0131rk\u00e7\u0131 ideoloji hakk\u0131nda \u00f6nemli bilgiler sa\u011flayabilir.<\/p>\n","protected":false},"excerpt":{"rendered":"<p>KeupG\u00f6zetlemelere dair notlarla ilgili yeni ifadeler Bug\u00fcn\u00fcn ilk tan\u0131\u011f\u0131, Fr\u00fchlingsstra\u00dfe&#8217;de bulunan Kiel haritalar\u0131n\u0131 incelemi\u015f olan bir Federal Kriminal Dairesi \u00e7al\u0131\u015fan\u0131yd\u0131. Sorgusunda aslen dikkat \u00e7ekici bir \u015fey yoktu. Listelenmi\u015f olan kurumlar\u0131 anlat\u0131rken tan\u0131k bir\u00e7ok kez &#8220;\u0130slamc\u0131&#8221; tabirini kulland\u0131 ve heyet ba\u015fkan\u0131n\u0131n bununla ne kastetti\u011fini sormas\u0131 \u00fczerine daha da batarak &#8220;Oryantal, Osmanl\u0131 vs. demek istiyorum&#8221; dedi. S\u00f6yledi\u011fine [&hellip;]<\/p>\n","protected":false},"author":1,"featured_media":0,"comment_status":"closed","ping_status":"closed","sticky":false,"template":"","format":"standard","meta":{"_s2mail":"yes","footnotes":""},"categories":[1],"tags":[],"class_list":["post-1011","post","type-post","status-publish","format-standard","hentry","category-allgemein"],"_links":{"self":[{"href":"https:\/\/www.nsu-nebenklage.de\/tr\/wp-json\/wp\/v2\/posts\/1011","targetHints":{"allow":["GET"]}}],"collection":[{"href":"https:\/\/www.nsu-nebenklage.de\/tr\/wp-json\/wp\/v2\/posts"}],"about":[{"href":"https:\/\/www.nsu-nebenklage.de\/tr\/wp-json\/wp\/v2\/types\/post"}],"author":[{"embeddable":true,"href":"https:\/\/www.nsu-nebenklage.de\/tr\/wp-json\/wp\/v2\/users\/1"}],"replies":[{"embeddable":true,"href":"https:\/\/www.nsu-nebenklage.de\/tr\/wp-json\/wp\/v2\/comments?post=1011"}],"version-history":[{"count":4,"href":"https:\/\/www.nsu-nebenklage.de\/tr\/wp-json\/wp\/v2\/posts\/1011\/revisions"}],"predecessor-version":[{"id":1026,"href":"https:\/\/www.nsu-nebenklage.de\/tr\/wp-json\/wp\/v2\/posts\/1011\/revisions\/1026"}],"wp:attachment":[{"href":"https:\/\/www.nsu-nebenklage.de\/tr\/wp-json\/wp\/v2\/media?parent=1011"}],"wp:term":[{"taxonomy":"category","embeddable":true,"href":"https:\/\/www.nsu-nebenklage.de\/tr\/wp-json\/wp\/v2\/categories?post=1011"},{"taxonomy":"post_tag","embeddable":true,"href":"https:\/\/www.nsu-nebenklage.de\/tr\/wp-json\/wp\/v2\/tags?post=1011"}],"curies":[{"name":"wp","href":"https:\/\/api.w.org\/{rel}","templated":true}]}}