{"id":1051,"date":"2015-12-16T19:02:14","date_gmt":"2015-12-16T18:02:14","guid":{"rendered":"http:\/\/www.nsu-nebenklage.de\/tr\/?p=1051"},"modified":"2015-12-16T19:02:14","modified_gmt":"2015-12-16T18:02:14","slug":"15-12-2015","status":"publish","type":"post","link":"https:\/\/www.nsu-nebenklage.de\/tr\/2015\/12\/16\/15-12-2015\/","title":{"rendered":"15.12.2015"},"content":{"rendered":"<h4>Bir destek\u00e7inin verdi\u011fi bilgiler ve san\u0131k Zsch\u00e4pe&#8217;ye sorulan sorular<\/h4>\n<p>\u00d6ncelikle Jena Silah Arkada\u015fl\u0131\u011f\u0131&#8217;ndan eski bir fikir arkada\u015flar\u0131 Zsch\u00e4pe, Mundlos ve B\u00f6hnhardt&#8217;\u0131n ortadan kaybolmas\u0131yla ilgili olarak sorguland\u0131. Bu ki\u015fi Wohlleben&#8217;in eski k\u0131z arkada\u015f\u0131yla Wohlleben&#8217;i Erfurt&#8217;tan almaya \u00e7al\u0131\u015fm\u0131\u015f, Zsch\u00e4pe&#8217;nin evinden giysilerini alm\u0131\u015f ve ard\u0131ndan polisi \u015fa\u015f\u0131rtmak i\u00e7in B\u00f6hnhardt&#8217;\u0131n arabas\u0131yla etrafta dola\u015fm\u0131\u015ft\u0131. Eylemin kesin gidi\u015fat\u0131 bu sorgu sonras\u0131nda da a\u00e7\u0131\u011fa kavu\u015fmad\u0131 \u00e7\u00fcnk\u00fc bu tan\u0131k da belli ki olabildi\u011fince az \u015fey anlatmaya \u00e7al\u0131\u015f\u0131yordu. Yine de grubun o zamanlar, Wohlleben&#8217;in de planlanan tutuklamalardan nasibini alaca\u011f\u0131n\u0131 varsaym\u0131\u015f ve bu nedenle onu da ka\u00e7malar\u0131na dahil etmi\u015f oldu\u011fu bir kez daha a\u00e7\u0131kl\u0131k kazand\u0131. Wohlleben&#8217;in kendisinin ka\u00e7may\u0131 isteyip istemedi\u011fiyse belirsizli\u011fini koruyor. Tan\u0131k, Zsch\u00e4pe&#8217;nin a\u00e7\u0131klamas\u0131nda anlatt\u0131klar\u0131yla \u00e7eli\u015fen \u015fekilde Zsch\u00e4pe&#8217;nin, onun ailesinin evinde B\u00f6hnnhardt ve Mundlos&#8217;la bulu\u015fup garajda nelerin oldu\u011funu \u00f6\u011frendi\u011fini anlatt\u0131.<!--more--><\/p>\n<p>\u00d6\u011fle aras\u0131n\u0131n ard\u0131ndan heyet ba\u015fkan\u0131 Beate Zsch\u00e4pe&#8217;ye sorular\u0131n\u0131 y\u00f6neltti. Avukat Grasel Zsch\u00e4pe&#8217;nin sorular\u0131 do\u011frudan cevaplamayaca\u011f\u0131n\u0131, sadece kendisi veya avukat Borchert \u00fczerinden yaz\u0131l\u0131 \u015fekilde a\u00e7\u0131klamada bulunaca\u011f\u0131n\u0131 bir kez daha belirtti.<\/p>\n<p>Sorular\u0131n \u00e7o\u011fu Zsch\u00e4pe&#8217;nin yaz\u0131l\u0131 a\u00e7\u0131klamas\u0131na y\u00f6nelikti, ama alkol ve uyu\u015fturucu kullan\u0131m\u0131 ve hastal\u0131klarla ilgili sorular da vard\u0131. Heyet ba\u015fkan\u0131 \u00f6zellikle Mundlos ve B\u00f6hnhardt&#8217;\u0131n yakla\u015f\u0131mlar\u0131 ve politik motivasyonlar\u0131n\u0131, politik tan\u0131d\u0131klar\u0131 ve daha sonraki destek\u00e7ileri \u00f6\u011frrenmek istedi. Bir di\u011fer \u00f6nemli konu da Zsch\u00e4pe&#8217;nin B\u00f6hnhardt ve Mundlos ile, ikisinin Zsch\u00e4pe&#8217;ye s\u00fcrekli cinayet ve sald\u0131r\u0131lar\u0131 itiraf etmelerinin ard\u0131ndan ya\u015fad\u0131\u011f\u0131 \u00e7at\u0131\u015fma ve buna verdi\u011fi tepkiydi. Ama G\u00f6tzl, G\u00fcney Afrika&#8217;ya ka\u00e7ma planlar\u0131na ve avukat Eisenecker ile ba\u011flant\u0131 kurulmas\u0131na da \u00f6zel ilgi g\u00f6sterdi. Eisenecker Edeka Market&#8217;e 1998 y\u0131l\u0131nda d\u00fczenlenen soygunun ve \u00f6nceki eylemlerin kendisine anlat\u0131lmas\u0131n\u0131n ard\u0131ndan sekiz ila on y\u0131l aras\u0131nda bir tutukluluk s\u00fcresinin m\u00fcmk\u00fcn oldu\u011funu s\u00f6ylemi\u015fti.<\/p>\n<p>Heyet ba\u015fkan\u0131 genelde a\u00e7\u0131klamaya dayanan olduk\u00e7a az soruyla yetindi. Uzun s\u00fcrecek yaz\u0131l\u0131 sorgu oyunlar\u0131 oynamak istemedi\u011fi belliydi. Davan\u0131n di\u011fer taraflar\u0131 da Zsch\u00e4pe&#8217;nin \u201etutana\u011f\u0131\u201cile ilgili az say\u0131da soru sordular. Grasel ne de olsa sadece mahkemenin ve di\u011fer san\u0131klar\u0131n savunmalar\u0131n\u0131n sorular\u0131n\u0131n yan\u0131tlanaca\u011f\u0131n\u0131 a\u00e7\u0131k\u00e7a belirtmi\u015fti. Bir\u00e7ok m\u00fcdahil avukat, soru sormak istediklerini ama \u00f6ncelikle mahkemenin sorular\u0131na verilecek cevaplar\u0131 beklediklerini s\u00f6ylediler.<\/p>\n<p>Grasel&#8217;in verdi\u011fi bilgiye g\u00f6re bug\u00fcn sorulan sorulara ancak Ocak ay\u0131nda cevap verilecek.<\/p>\n","protected":false},"excerpt":{"rendered":"<p>Bir destek\u00e7inin verdi\u011fi bilgiler ve san\u0131k Zsch\u00e4pe&#8217;ye sorulan sorular \u00d6ncelikle Jena Silah Arkada\u015fl\u0131\u011f\u0131&#8217;ndan eski bir fikir arkada\u015flar\u0131 Zsch\u00e4pe, Mundlos ve B\u00f6hnhardt&#8217;\u0131n ortadan kaybolmas\u0131yla ilgili olarak sorguland\u0131. Bu ki\u015fi Wohlleben&#8217;in eski k\u0131z arkada\u015f\u0131yla Wohlleben&#8217;i Erfurt&#8217;tan almaya \u00e7al\u0131\u015fm\u0131\u015f, Zsch\u00e4pe&#8217;nin evinden giysilerini alm\u0131\u015f ve ard\u0131ndan polisi \u015fa\u015f\u0131rtmak i\u00e7in B\u00f6hnhardt&#8217;\u0131n arabas\u0131yla etrafta dola\u015fm\u0131\u015ft\u0131. Eylemin kesin gidi\u015fat\u0131 bu sorgu sonras\u0131nda [&hellip;]<\/p>\n","protected":false},"author":1,"featured_media":0,"comment_status":"closed","ping_status":"closed","sticky":false,"template":"","format":"standard","meta":{"_s2mail":"yes","footnotes":""},"categories":[1],"tags":[],"class_list":["post-1051","post","type-post","status-publish","format-standard","hentry","category-allgemein"],"_links":{"self":[{"href":"https:\/\/www.nsu-nebenklage.de\/tr\/wp-json\/wp\/v2\/posts\/1051","targetHints":{"allow":["GET"]}}],"collection":[{"href":"https:\/\/www.nsu-nebenklage.de\/tr\/wp-json\/wp\/v2\/posts"}],"about":[{"href":"https:\/\/www.nsu-nebenklage.de\/tr\/wp-json\/wp\/v2\/types\/post"}],"author":[{"embeddable":true,"href":"https:\/\/www.nsu-nebenklage.de\/tr\/wp-json\/wp\/v2\/users\/1"}],"replies":[{"embeddable":true,"href":"https:\/\/www.nsu-nebenklage.de\/tr\/wp-json\/wp\/v2\/comments?post=1051"}],"version-history":[{"count":1,"href":"https:\/\/www.nsu-nebenklage.de\/tr\/wp-json\/wp\/v2\/posts\/1051\/revisions"}],"predecessor-version":[{"id":1052,"href":"https:\/\/www.nsu-nebenklage.de\/tr\/wp-json\/wp\/v2\/posts\/1051\/revisions\/1052"}],"wp:attachment":[{"href":"https:\/\/www.nsu-nebenklage.de\/tr\/wp-json\/wp\/v2\/media?parent=1051"}],"wp:term":[{"taxonomy":"category","embeddable":true,"href":"https:\/\/www.nsu-nebenklage.de\/tr\/wp-json\/wp\/v2\/categories?post=1051"},{"taxonomy":"post_tag","embeddable":true,"href":"https:\/\/www.nsu-nebenklage.de\/tr\/wp-json\/wp\/v2\/tags?post=1051"}],"curies":[{"name":"wp","href":"https:\/\/api.w.org\/{rel}","templated":true}]}}