{"id":1055,"date":"2015-12-18T13:55:09","date_gmt":"2015-12-18T12:55:09","guid":{"rendered":"http:\/\/www.nsu-nebenklage.de\/tr\/?p=1055"},"modified":"2015-12-18T13:56:32","modified_gmt":"2015-12-18T12:56:32","slug":"17-12-2015","status":"publish","type":"post","link":"https:\/\/www.nsu-nebenklage.de\/tr\/2015\/12\/18\/17-12-2015\/","title":{"rendered":"17.12.2015"},"content":{"rendered":"<h4>Andr\u00e9 Eminger&#8217;in NSU&#8217;yu destekleyip y\u00fcceltmesi ve k\u0131saca Wohlleben&#8217;in \u015fahsi ili\u015fkileri<\/h4>\n<p>Bug\u00fcnk\u00fc duru\u015fma k\u0131sa s\u00fcrd\u00fc ve pek bir sonu\u00e7 vermedi. Bir Federal Kriminal Dairesi memuru san\u0131k Gerlach&#8217;a y\u00f6nelik kay\u0131tlar i\u00e7in hangi belgelerin incelendi\u011fini anlatt\u0131. Belirtilen raporlar\u0131n bir k\u0131sm\u0131, \u00f6rne\u011fin Federal Anayasay\u0131 Koruma Dairesi&#8217;ne ait olanlar ise Federal Savc\u0131l\u0131\u011f\u0131n verdi\u011fi bilgiye g\u00f6re \u201ehen\u00fcz yoldalard\u0131\u201c.<\/p>\n<p>Bir Federal Kriminal Dairesi \u00e7al\u0131\u015fan\u0131, Eminger&#8217;in evinde B\u00f6hnhardt ve Mundlos&#8217;un bir kur\u015funkalem veya karakalemle \u00e7izilmi\u015f ve \u00fczerinde eski Alman yaz\u0131s\u0131yla \u201eUnutulmad\u0131\u201c ve bir de runik yaz\u0131 bulunan bir portre bulundu\u011funu anlatt\u0131. Resmin bir raf\u0131n \u00fczerindeki duvara as\u0131l\u0131\u015f \u015fekli bir suna\u011f\u0131 and\u0131r\u0131yordu. San\u0131k Eminger, bu portreye el konulmas\u0131na raz\u0131 geliyor mu sorusu \u00fczerine \u201e\u015fiddetli bir feveran\u201c ya\u015fam\u0131\u015ft\u0131, bu nedenle portrenin sadece foto\u011fraflar\u0131n\u0131 \u00e7ekebilmi\u015flerdi. Halen susmakta olan san\u0131k Eminger&#8217;in biraz \u00e7ocuk\u00e7a bir \u015fekilde kahramanlara tap\u0131nmas\u0131 B\u00f6hnhardt ve Mundlos&#8217;la olan \u015fahsi ili\u015fkisini g\u00f6steriyordu. <!--more-->O zamanlar 18 ya\u015f\u0131nda olan Andr\u00e9 Eminger Zsch\u00e4pe, Mundlos ve B\u00f6hnhardt&#8217;la Mandy Struck&#8217;un s\u00f6yledi\u011fine g\u00f6re 1998 y\u0131l\u0131nda, ka\u00e7malar\u0131n\u0131n k\u0131sa s\u00fcre ard\u0131ndan Struck arac\u0131l\u0131\u011f\u0131yla tan\u0131\u015fm\u0131\u015ft\u0131. \u015eu ana kadar ele ge\u00e7irilen delillere g\u00f6re Mundlos ve B\u00f6hnhardt&#8217;\u0131 intiharlar\u0131na kadar desteklemi\u015fti. Eminger, tan\u0131\u011f\u0131n verdi\u011fi bilgilere g\u00f6re g\u00f6zalt\u0131ndayken de \u00e7izim yap\u0131yordu, yani muhtemelen idollerini kendisi \u00f6l\u00fcms\u00fczle\u015ftiriyordu.<\/p>\n<p>Ba\u015fka bir Federal Kriminal Dairesi tan\u0131\u011f\u0131 san\u0131k Eminger&#8217;in bir banka hesab\u0131yla ilgili olarak y\u00fcr\u00fctt\u00fc\u011f\u00fc soru\u015fturmalar\u0131 anlatt\u0131. NSU taraf\u0131ndan kullan\u0131lan iki tren kart\u0131n\u0131n paras\u0131 bu hesaptan \u00f6denmi\u015fti. Hesaba sadece Eminger ve kar\u0131s\u0131 Susann eri\u015febiliyordu. O zamanlar Susann Eminger&#8217;e kar\u015f\u0131 y\u00fcr\u00fct\u00fclen soru\u015fturma da s\u00fcr\u00fcyordu, Federal Savc\u0131l\u0131\u011f\u0131n Zsch\u00e4pe&#8217;ye sordu\u011fu \u00fc\u00e7 (!) sorudan biri \u201eSusann Eminger olaylar hakk\u0131nda ne biliyordu?\u201c idi.<\/p>\n<p>Heyet ba\u015fkan\u0131, d\u00fcn duyurdu\u011fu ve Ralf Wohlleben&#8217;in \u015fahsi ili\u015fkilerine y\u00f6nelik sorgusunu h\u0131zl\u0131ca ger\u00e7ekle\u015ftirdi ve sorgunun sonucunda \u00f6nemli bir \u015fey ortaya \u00e7\u0131kmad\u0131. Mahkeme bu nedenle hen\u00fcz saat 11&#8217;de Noel tatiline girdi.<\/p>\n<h5>Duru\u015fmaya 12 Ocak 2016 Sal\u0131 g\u00fcn\u00fc devam edilecek.<\/h5>\n","protected":false},"excerpt":{"rendered":"<p>Andr\u00e9 Eminger&#8217;in NSU&#8217;yu destekleyip y\u00fcceltmesi ve k\u0131saca Wohlleben&#8217;in \u015fahsi ili\u015fkileri Bug\u00fcnk\u00fc duru\u015fma k\u0131sa s\u00fcrd\u00fc ve pek bir sonu\u00e7 vermedi. Bir Federal Kriminal Dairesi memuru san\u0131k Gerlach&#8217;a y\u00f6nelik kay\u0131tlar i\u00e7in hangi belgelerin incelendi\u011fini anlatt\u0131. Belirtilen raporlar\u0131n bir k\u0131sm\u0131, \u00f6rne\u011fin Federal Anayasay\u0131 Koruma Dairesi&#8217;ne ait olanlar ise Federal Savc\u0131l\u0131\u011f\u0131n verdi\u011fi bilgiye g\u00f6re \u201ehen\u00fcz yoldalard\u0131\u201c. Bir Federal Kriminal [&hellip;]<\/p>\n","protected":false},"author":1,"featured_media":0,"comment_status":"closed","ping_status":"closed","sticky":false,"template":"","format":"standard","meta":{"_s2mail":"yes","footnotes":""},"categories":[1],"tags":[],"class_list":["post-1055","post","type-post","status-publish","format-standard","hentry","category-allgemein"],"_links":{"self":[{"href":"https:\/\/www.nsu-nebenklage.de\/tr\/wp-json\/wp\/v2\/posts\/1055","targetHints":{"allow":["GET"]}}],"collection":[{"href":"https:\/\/www.nsu-nebenklage.de\/tr\/wp-json\/wp\/v2\/posts"}],"about":[{"href":"https:\/\/www.nsu-nebenklage.de\/tr\/wp-json\/wp\/v2\/types\/post"}],"author":[{"embeddable":true,"href":"https:\/\/www.nsu-nebenklage.de\/tr\/wp-json\/wp\/v2\/users\/1"}],"replies":[{"embeddable":true,"href":"https:\/\/www.nsu-nebenklage.de\/tr\/wp-json\/wp\/v2\/comments?post=1055"}],"version-history":[{"count":1,"href":"https:\/\/www.nsu-nebenklage.de\/tr\/wp-json\/wp\/v2\/posts\/1055\/revisions"}],"predecessor-version":[{"id":1056,"href":"https:\/\/www.nsu-nebenklage.de\/tr\/wp-json\/wp\/v2\/posts\/1055\/revisions\/1056"}],"wp:attachment":[{"href":"https:\/\/www.nsu-nebenklage.de\/tr\/wp-json\/wp\/v2\/media?parent=1055"}],"wp:term":[{"taxonomy":"category","embeddable":true,"href":"https:\/\/www.nsu-nebenklage.de\/tr\/wp-json\/wp\/v2\/categories?post=1055"},{"taxonomy":"post_tag","embeddable":true,"href":"https:\/\/www.nsu-nebenklage.de\/tr\/wp-json\/wp\/v2\/tags?post=1055"}],"curies":[{"name":"wp","href":"https:\/\/api.w.org\/{rel}","templated":true}]}}