{"id":1078,"date":"2016-02-05T18:00:06","date_gmt":"2016-02-05T17:00:06","guid":{"rendered":"http:\/\/www.nsu-nebenklage.de\/tr\/?p=1078"},"modified":"2016-02-05T18:00:06","modified_gmt":"2016-02-05T17:00:06","slug":"04-02-2016","status":"publish","type":"post","link":"https:\/\/www.nsu-nebenklage.de\/tr\/2016\/02\/05\/04-02-2016\/","title":{"rendered":"04.02.2016"},"content":{"rendered":"<h4>Savunmadan istisnai \u015fekilde hakimin reddi dilek\u00e7esi gelmedi<\/h4>\n<p>Wohlleben&#8217;in savunmas\u0131 mahkeme heyeti ba\u015fkan\u0131 ve onun bir vekiline kar\u015f\u0131 tarafl\u0131l\u0131k nedeniyle red dilek\u00e7esi haz\u0131rlamak istedi\u011finden duru\u015fma bug\u00fcn de ba\u015flamas\u0131n\u0131n iki saat ard\u0131ndan b\u00f6l\u00fcnmek durumunda kald\u0131. Ancak g\u00f6r\u00fcnen o ki savunma, dilek\u00e7elerin haz\u0131rlanmas\u0131 s\u0131ras\u0131nda kendisini bu \u015fekilde g\u00fcl\u00fcn\u00e7 duruma d\u00fc\u015f\u00fcrece\u011fini farketti ve duru\u015fma ba\u015fka bir red dilek\u00e7esi verilmeden devam etti.<\/p>\n<p>Tan\u0131k Mario Brehme \u00fc\u00e7\u00fcnk\u00fc kez sorguland\u0131 (\u015fu ana kadarki sorgular\u0131 i\u00e7in bkz. <a href=\"http:\/\/www.nsu-nebenklage.de\/tr\/2015\/07\/15\/15-07-2015\/\" target=\"_blank\">15.07.2015<\/a> ve <a href=\"http:\/\/www.nsu-nebenklage.de\/tr\/2016\/01\/18\/14-01-2016\/\" target=\"_blank\">14.10.2015<\/a> tarihli bloglar). Son olarak Brehme&#8217;nin muhbir olarak \u00e7al\u0131\u015f\u0131p \u00e7al\u0131\u015fmad\u0131\u011f\u0131 konusu a\u00e7\u0131\u011fa kavu\u015fturulmak istenmi\u015fti. Bu arada gizli servisler mahkemenin konuyu ara\u015ft\u0131rmas\u0131 \u00fczerine muhbir olarak \u00e7al\u0131\u015fmam\u0131\u015f oldu\u011fu bilgisini vermi\u015flerdi. Bu nedenle Brehme&#8217;nin sorgusuna birka\u00e7 dakikan\u0131n ard\u0131ndan son verildi ve b\u00f6ylece bug\u00fcn yeniden Nazi propagandas\u0131 yapma f\u0131rsat\u0131n\u0131 bulamad\u0131. <!--more--><\/p>\n<p>Bunun ard\u0131ndan Holger Gerlach&#8217;a ait bir bilgisayardaki internet ak\u0131\u015f\u0131n\u0131 incelemi\u015f olan bir polis memuru geldi. Nazi online g\u00f6nderim servisleri ve aralar\u0131nda \u201eBlood &amp; Honour\u201c\u0131n da bulundu\u011fu ba\u015fka Nazi internet siteleri bilgisayarda s\u0131k kullan\u0131lanlara eklenmi\u015fti. Mundlos ve B\u00f6hnhardt&#8217;\u0131n intiharlar\u0131 ile Gerlach&#8217;\u0131n 5.11.2011&#8217;de tutuklanmas\u0131 aras\u0131ndaki zamana denk d\u00fc\u015fen bir arama da ayd\u0131nlat\u0131c\u0131yd\u0131. \u201eEisenach\u201c patlamas\u0131na y\u00f6nelik arama sonucunda banka soygunu ve karavanla ilgili \u00e7ok say\u0131da medya haberine ula\u015f\u0131l\u0131yord\u0131. Bunun hemen ard\u0131ndan iki arama daha geldi: \u00d6nce uyu\u015fturucu kullan\u0131m\u0131n\u0131n sicilde ne kadar kay\u0131tl\u0131 kald\u0131\u011f\u0131, sonra da Gerlach&#8217;\u0131n NSU davas\u0131nda \u015fu anki avukat\u0131 olan Stefan Hachmeister ara\u015ft\u0131r\u0131lm\u0131\u015ft\u0131. Yani Eisenach&#8217;la ilgili o ana kadar halihaz\u0131rda bilinenler Gerlach&#8217;\u0131n tutuklanabilece\u011fini d\u00fc\u015f\u00fcnmesine yetmi\u015fti. Gerlach&#8217;\u0131n savunmas\u0131n\u0131n bu internet aramalar\u0131n\u0131 yapan ki\u015finin Gerlach&#8217;\u0131n k\u0131z arkada\u015f\u0131 ya da ondan olan k\u0131z\u0131 oldu\u011funa y\u00f6nelik tez, \u00e7ok k\u00f6t\u00fc planlanm\u0131\u015f bir tez.<\/p>\n","protected":false},"excerpt":{"rendered":"<p>Savunmadan istisnai \u015fekilde hakimin reddi dilek\u00e7esi gelmedi Wohlleben&#8217;in savunmas\u0131 mahkeme heyeti ba\u015fkan\u0131 ve onun bir vekiline kar\u015f\u0131 tarafl\u0131l\u0131k nedeniyle red dilek\u00e7esi haz\u0131rlamak istedi\u011finden duru\u015fma bug\u00fcn de ba\u015flamas\u0131n\u0131n iki saat ard\u0131ndan b\u00f6l\u00fcnmek durumunda kald\u0131. Ancak g\u00f6r\u00fcnen o ki savunma, dilek\u00e7elerin haz\u0131rlanmas\u0131 s\u0131ras\u0131nda kendisini bu \u015fekilde g\u00fcl\u00fcn\u00e7 duruma d\u00fc\u015f\u00fcrece\u011fini farketti ve duru\u015fma ba\u015fka bir red dilek\u00e7esi verilmeden [&hellip;]<\/p>\n","protected":false},"author":1,"featured_media":0,"comment_status":"closed","ping_status":"closed","sticky":false,"template":"","format":"standard","meta":{"_s2mail":"yes","footnotes":""},"categories":[1],"tags":[],"class_list":["post-1078","post","type-post","status-publish","format-standard","hentry","category-allgemein"],"_links":{"self":[{"href":"https:\/\/www.nsu-nebenklage.de\/tr\/wp-json\/wp\/v2\/posts\/1078","targetHints":{"allow":["GET"]}}],"collection":[{"href":"https:\/\/www.nsu-nebenklage.de\/tr\/wp-json\/wp\/v2\/posts"}],"about":[{"href":"https:\/\/www.nsu-nebenklage.de\/tr\/wp-json\/wp\/v2\/types\/post"}],"author":[{"embeddable":true,"href":"https:\/\/www.nsu-nebenklage.de\/tr\/wp-json\/wp\/v2\/users\/1"}],"replies":[{"embeddable":true,"href":"https:\/\/www.nsu-nebenklage.de\/tr\/wp-json\/wp\/v2\/comments?post=1078"}],"version-history":[{"count":1,"href":"https:\/\/www.nsu-nebenklage.de\/tr\/wp-json\/wp\/v2\/posts\/1078\/revisions"}],"predecessor-version":[{"id":1079,"href":"https:\/\/www.nsu-nebenklage.de\/tr\/wp-json\/wp\/v2\/posts\/1078\/revisions\/1079"}],"wp:attachment":[{"href":"https:\/\/www.nsu-nebenklage.de\/tr\/wp-json\/wp\/v2\/media?parent=1078"}],"wp:term":[{"taxonomy":"category","embeddable":true,"href":"https:\/\/www.nsu-nebenklage.de\/tr\/wp-json\/wp\/v2\/categories?post=1078"},{"taxonomy":"post_tag","embeddable":true,"href":"https:\/\/www.nsu-nebenklage.de\/tr\/wp-json\/wp\/v2\/tags?post=1078"}],"curies":[{"name":"wp","href":"https:\/\/api.w.org\/{rel}","templated":true}]}}