{"id":1086,"date":"2016-02-22T08:25:49","date_gmt":"2016-02-22T07:25:49","guid":{"rendered":"http:\/\/www.nsu-nebenklage.de\/tr\/?p=1086"},"modified":"2016-02-22T08:25:49","modified_gmt":"2016-02-22T07:25:49","slug":"18-02-2016","status":"publish","type":"post","link":"https:\/\/www.nsu-nebenklage.de\/tr\/2016\/02\/22\/18-02-2016\/","title":{"rendered":"18.02.2016"},"content":{"rendered":"<h4>Soygunlarla ilgili tan\u0131kl\u0131klara devam edildi<\/h4>\n<p>Bug\u00fcn Ekim 2006&#8217;daki soygunla ilgili olarak ba\u015fka tan\u0131klar dinlenecekti. Ancak Wohlleben&#8217;in savunmas\u0131 t\u00fcm hakimlere y\u00f6nelik tarafl\u0131l\u0131k \u015f\u00fcphesiyle red talebinde bulundu\u011fundan s\u0131ra buna gelemeden duru\u015fmaya uzun s\u00fcre ara verildi. Red, savunman\u0131n a\u00e7\u0131k\u00e7a hi\u00e7bir gerek\u00e7esi olmayan bir dizi dilek\u00e7esi aras\u0131ndaki yerini ald\u0131. M\u00fcdahil davac\u0131lar\u0131n delil tespiti dilek\u00e7eleriyle ilgili h\u00fck\u00fcmlerin tam sonuna gelindi\u011fi s\u0131rada mahkeme yanl\u0131\u015fl\u0131kla \u201esan\u0131klara y\u00f6neltilen su\u00e7lamalar\u201c yerine \u201esan\u0131klar\u0131n su\u00e7lar\u0131\u201c tabirini kulland\u0131. Bu talihsiz bir ifade olsa da belli ki san\u0131klar\u0131 su\u00e7lu oldu\u011funa karar verildi\u011fi anlam\u0131na gelmiyor.<!--more--><\/p>\n<p>Bu red talebinin geri \u00e7evrilmesinden yine Eyalet Y\u00fcksek Mahkemesinin ba\u015fka bir heyeti sorumlu olacak. Mahkeme bug\u00fcn duru\u015fmaya devam etti ve Sparkasse&#8217;ye ger\u00e7ekle\u015ftirilen soygunla ilgili olarak d\u00f6rt tan\u0131\u011f\u0131n ifadesini ald\u0131. Bu tan\u0131klar olay\u0131n nas\u0131l ger\u00e7ekle\u015fti\u011fine dair \u015fu ana kadar verilen bilgileri, \u00f6zellikle de su\u00e7lular\u0131n ac\u0131mas\u0131z davran\u0131\u015flar\u0131n\u0131 do\u011frulad\u0131lar. Tan\u0131klar\u0131n olay\u0131n bir s\u00fcre ard\u0131ndan sinirlilik, korku ve benzeri ruhsal s\u0131k\u0131nt\u0131lar ya\u015fam\u0131\u015flard\u0131.<\/p>\n","protected":false},"excerpt":{"rendered":"<p>Soygunlarla ilgili tan\u0131kl\u0131klara devam edildi Bug\u00fcn Ekim 2006&#8217;daki soygunla ilgili olarak ba\u015fka tan\u0131klar dinlenecekti. Ancak Wohlleben&#8217;in savunmas\u0131 t\u00fcm hakimlere y\u00f6nelik tarafl\u0131l\u0131k \u015f\u00fcphesiyle red talebinde bulundu\u011fundan s\u0131ra buna gelemeden duru\u015fmaya uzun s\u00fcre ara verildi. Red, savunman\u0131n a\u00e7\u0131k\u00e7a hi\u00e7bir gerek\u00e7esi olmayan bir dizi dilek\u00e7esi aras\u0131ndaki yerini ald\u0131. M\u00fcdahil davac\u0131lar\u0131n delil tespiti dilek\u00e7eleriyle ilgili h\u00fck\u00fcmlerin tam sonuna gelindi\u011fi [&hellip;]<\/p>\n","protected":false},"author":1,"featured_media":0,"comment_status":"closed","ping_status":"closed","sticky":false,"template":"","format":"standard","meta":{"_s2mail":"yes","footnotes":""},"categories":[1],"tags":[],"class_list":["post-1086","post","type-post","status-publish","format-standard","hentry","category-allgemein"],"_links":{"self":[{"href":"https:\/\/www.nsu-nebenklage.de\/tr\/wp-json\/wp\/v2\/posts\/1086","targetHints":{"allow":["GET"]}}],"collection":[{"href":"https:\/\/www.nsu-nebenklage.de\/tr\/wp-json\/wp\/v2\/posts"}],"about":[{"href":"https:\/\/www.nsu-nebenklage.de\/tr\/wp-json\/wp\/v2\/types\/post"}],"author":[{"embeddable":true,"href":"https:\/\/www.nsu-nebenklage.de\/tr\/wp-json\/wp\/v2\/users\/1"}],"replies":[{"embeddable":true,"href":"https:\/\/www.nsu-nebenklage.de\/tr\/wp-json\/wp\/v2\/comments?post=1086"}],"version-history":[{"count":1,"href":"https:\/\/www.nsu-nebenklage.de\/tr\/wp-json\/wp\/v2\/posts\/1086\/revisions"}],"predecessor-version":[{"id":1087,"href":"https:\/\/www.nsu-nebenklage.de\/tr\/wp-json\/wp\/v2\/posts\/1086\/revisions\/1087"}],"wp:attachment":[{"href":"https:\/\/www.nsu-nebenklage.de\/tr\/wp-json\/wp\/v2\/media?parent=1086"}],"wp:term":[{"taxonomy":"category","embeddable":true,"href":"https:\/\/www.nsu-nebenklage.de\/tr\/wp-json\/wp\/v2\/categories?post=1086"},{"taxonomy":"post_tag","embeddable":true,"href":"https:\/\/www.nsu-nebenklage.de\/tr\/wp-json\/wp\/v2\/tags?post=1086"}],"curies":[{"name":"wp","href":"https:\/\/api.w.org\/{rel}","templated":true}]}}