{"id":1097,"date":"2016-02-26T09:15:06","date_gmt":"2016-02-26T08:15:06","guid":{"rendered":"http:\/\/www.nsu-nebenklage.de\/tr\/?p=1097"},"modified":"2016-02-26T09:15:06","modified_gmt":"2016-02-26T08:15:06","slug":"01-03-03-2016-onumuzdeki-hafta","status":"publish","type":"post","link":"https:\/\/www.nsu-nebenklage.de\/tr\/2016\/02\/26\/01-03-03-2016-onumuzdeki-hafta\/","title":{"rendered":"01.-03.03-2016 \u2013 \u00d6n\u00fcm\u00fczdeki hafta"},"content":{"rendered":"<p>Mahkeme Sal\u0131 g\u00fcn\u00fc, \u00f6zellikle NSU&#8217;nun su\u00e7lar\u0131n\u0131 \u00fcstlendi\u011fi video ile ilgilenecek. \u00c7ar\u015famba sabah\u0131 Brandenburg \u0130\u00e7i\u015fleri Gizli Servisi \u00e7al\u0131\u015fan\u0131 ve muhbir Carsten Szczepanski&#8217;den sorumlu olan Reiner G\u00f6rlitz yeniden mahkemeye gelecek. G\u00f6rlitz&#8217;in \u00fc\u00e7\u00fcnc\u00fc kez olaylar\u0131 a\u00e7\u0131kl\u0131\u011fa kavu\u015fturmak yerine ger\u00e7ekleri gizleyece\u011finden korkuluyor (bkz. 01.07.2015 ve 29.07.2015) \u00c7ar\u015famba ak\u015fam\u00fcst\u00fc ve Per\u015fembe g\u00fcn\u00fc bir kez daha NSU&#8217;nun ger\u00e7ekle\u015ftirdi\u011fi soygunlar g\u00f6r\u00fc\u015f\u00fclecek.<\/p>\n","protected":false},"excerpt":{"rendered":"<p>Mahkeme Sal\u0131 g\u00fcn\u00fc, \u00f6zellikle NSU&#8217;nun su\u00e7lar\u0131n\u0131 \u00fcstlendi\u011fi video ile ilgilenecek. \u00c7ar\u015famba sabah\u0131 Brandenburg \u0130\u00e7i\u015fleri Gizli Servisi \u00e7al\u0131\u015fan\u0131 ve muhbir Carsten Szczepanski&#8217;den sorumlu olan Reiner G\u00f6rlitz yeniden mahkemeye gelecek. G\u00f6rlitz&#8217;in \u00fc\u00e7\u00fcnc\u00fc kez olaylar\u0131 a\u00e7\u0131kl\u0131\u011fa kavu\u015fturmak yerine ger\u00e7ekleri gizleyece\u011finden korkuluyor (bkz. 01.07.2015 ve 29.07.2015) \u00c7ar\u015famba ak\u015fam\u00fcst\u00fc ve Per\u015fembe g\u00fcn\u00fc bir kez daha NSU&#8217;nun ger\u00e7ekle\u015ftirdi\u011fi soygunlar g\u00f6r\u00fc\u015f\u00fclecek.<\/p>\n","protected":false},"author":1,"featured_media":0,"comment_status":"closed","ping_status":"closed","sticky":false,"template":"","format":"standard","meta":{"_s2mail":"yes","footnotes":""},"categories":[1],"tags":[],"class_list":["post-1097","post","type-post","status-publish","format-standard","hentry","category-allgemein"],"_links":{"self":[{"href":"https:\/\/www.nsu-nebenklage.de\/tr\/wp-json\/wp\/v2\/posts\/1097","targetHints":{"allow":["GET"]}}],"collection":[{"href":"https:\/\/www.nsu-nebenklage.de\/tr\/wp-json\/wp\/v2\/posts"}],"about":[{"href":"https:\/\/www.nsu-nebenklage.de\/tr\/wp-json\/wp\/v2\/types\/post"}],"author":[{"embeddable":true,"href":"https:\/\/www.nsu-nebenklage.de\/tr\/wp-json\/wp\/v2\/users\/1"}],"replies":[{"embeddable":true,"href":"https:\/\/www.nsu-nebenklage.de\/tr\/wp-json\/wp\/v2\/comments?post=1097"}],"version-history":[{"count":1,"href":"https:\/\/www.nsu-nebenklage.de\/tr\/wp-json\/wp\/v2\/posts\/1097\/revisions"}],"predecessor-version":[{"id":1098,"href":"https:\/\/www.nsu-nebenklage.de\/tr\/wp-json\/wp\/v2\/posts\/1097\/revisions\/1098"}],"wp:attachment":[{"href":"https:\/\/www.nsu-nebenklage.de\/tr\/wp-json\/wp\/v2\/media?parent=1097"}],"wp:term":[{"taxonomy":"category","embeddable":true,"href":"https:\/\/www.nsu-nebenklage.de\/tr\/wp-json\/wp\/v2\/categories?post=1097"},{"taxonomy":"post_tag","embeddable":true,"href":"https:\/\/www.nsu-nebenklage.de\/tr\/wp-json\/wp\/v2\/tags?post=1097"}],"curies":[{"name":"wp","href":"https:\/\/api.w.org\/{rel}","templated":true}]}}