{"id":110,"date":"2013-06-14T23:39:21","date_gmt":"2013-06-14T21:39:21","guid":{"rendered":"http:\/\/www.nsu-nebenklage.de\/tr\/?p=110"},"modified":"2013-06-18T21:38:43","modified_gmt":"2013-06-18T19:38:43","slug":"12-13-6-2013","status":"publish","type":"post","link":"https:\/\/www.nsu-nebenklage.de\/tr\/2013\/06\/14\/12-13-6-2013\/","title":{"rendered":"12.\/13.6.2013"},"content":{"rendered":"<h4>Daval\u0131 olan Carsten Schultze\u00b4nin devam eden sorgulamas\u0131<\/h4>\n<p>Daval\u0131 olan Carsten Schultze Sal\u0131 g\u00fcn\u00fcndeki sorgulamas\u0131nda yeni bulgular ortaya koymu\u015ftu. En az NSU\u00b4nun \u00f6nce bilinmeyen bir sald\u0131r\u0131 uygulad\u0131\u011f\u0131n\u0131, daval\u0131 olan Wohlleben \u00fczerine veridi\u011fi bilgiler, Uwe B\u00f6hnhardt`\u0131n ve Uwe Mundlos`un sald\u0131r\u0131y\u0131 uygulama bilgilerini verdikten sonra, Haziran`\u0131n 12. ve 13. deki sorgulamas\u0131 sonu\u00e7suz ge\u00e7ti.Ortal\u0131\u011f\u0131 tela\u015fland\u0131r\u0131lan bir \u015fey vard\u0131: Schultze, Wohlleben\u00b4nin savunmac\u0131s\u0131n\u0131n sorular\u0131n\u0131 ret etti. Schultze\u00b4nin duygusal a\u00e7\u0131klamas\u0131 \u015fuydu: Wohlleben\u00b4nin  savunmac\u0131s\u0131 mahkemeden e\u015fitlik istemi\u015fti, \u015fimdi Schultze de ayn\u0131s\u0131n\u0131 Wohlleben den bekliyor. Schultze bildiklerini ortaya koydu, yan\u0131 &#8216;soyundu&#8217;. Wohlleben de ifadesini d\u00fczg\u00fcn ve bildiklerinin hepsini derse, ancak ozaman Schultze\u00b4nin avukat\u0131n\u0131n sorular\u0131n\u0131 cevapland\u0131racakm\u0131\u015f.<\/p>\n<p>Daval\u0131 olan Schultze \u00fc\u00e7 sorgulama g\u00fcn\u00fcnde kendisini nekadar &#8216;soydu\u011fu&#8217; yani b\u00fct\u00fcn bilgileri verdi\u011fi, tabi hala belirsiz. Kesin \u015fu ifade a\u00e7\u0131klamas\u0131nda zorlanm\u0131\u015ft\u0131: B\u00f6hnhardt ve Mundlos`a Ceska silah\u0131n\u0131 teslim etmeden \u00f6nce, patl\u0131y\u0131c\u0131 maddeli olan bomba sald\u0131r\u0131s\u0131\u00b4n\u0131n yap\u0131laca\u011f\u0131, bilidi\u011fidir. \u015eu itirafda da \u00e7ok zorlanm\u0131\u015ft\u0131: O anlatt\u0131\u011f\u0131 ana kadar \u00fc\u00e7 ki\u015finin silahlara sayip olduklar\u0131n\u0131 bilmesi. Demekki Schultze\u00b4nin onlara teslim etmi\u015f olan susturucu Ceskas\u0131 kesinlikle banka soygunu i\u00e7in olmad\u0131\u011f\u0131. Aksine bu itiraf gayet net, Ceskay\u0131 cinayet i\u00e7in kulland\u0131klar\u0131n\u0131 bellirtti.<\/p>\n<p>Ba\u015fka noktalarda ise Schultze kuvvetli bir \u015fekilde kendisini kapal\u0131 tutuyor. Kendisinin \u0131rk\u00e7\u0131 biri olmad\u0131\u011f\u0131n\u0131, &#8216;Afrika maymunlara ait&#8217; slogan\u0131n\u0131 att\u0131klar\u0131 halde. Kendisinin, t\u00fcrk insanlara kar\u015f\u0131 herhangi negatif bir duru\u011fu\u015fu olmad\u0131\u011f\u0131n\u0131 s\u00f6yledi. Birkere solcular d\u00f6v\u00fcld\u00fc\u011f\u00fcnde, kendisininde birlikte d\u00f6vmesi, hatta Wohlleben bu t\u00fcr bask\u0131nlardan birisinde bir kurban\u00b4\u0131n y\u00fcz\u00fcne tekmeyle giri\u015fti\u011fini belirtti. Fakat bu \u015fiddetli olaylar i\u00e7in, kendi amac\u0131n\u0131 burda a\u00e7\u0131klam\u0131yor. \u0130deoloji, \u0130\u00e7erikler ve g\u00f6r\u00fc\u015fmeleri unutmu\u015f. E\u011fer Schultze, silahl\u0131 sava\u015f i\u00e7in mutlaka herhangi bir teorinin olmas\u0131 gerekti\u011fini diyorsa, ama kendisinin onu hat\u0131rlamamas\u0131, \u00e7o\u011fu \u015feyi daha saklad\u0131\u011f\u0131n\u0131 g\u00f6steriyor.  Birka\u00e7 dakika \u00f6nce daha, bir susturucu cinayet silah\u0131 al\u0131p da teslim etmesini anlat\u0131yordu.<\/p>\n<p>Haziran`\u0131n 18 de, yani sal\u0131 g\u00fcn\u00fc Schutze\u00b4nin sorgulamas\u0131, m\u00fcdahil davac\u0131lar taraf\u0131ndan devam edecek.<\/p>\n","protected":false},"excerpt":{"rendered":"<p>Daval\u0131 olan Carsten Schultze\u00b4nin devam eden sorgulamas\u0131 Daval\u0131 olan Carsten Schultze Sal\u0131 g\u00fcn\u00fcndeki sorgulamas\u0131nda yeni bulgular ortaya koymu\u015ftu. En az NSU\u00b4nun \u00f6nce bilinmeyen bir sald\u0131r\u0131 uygulad\u0131\u011f\u0131n\u0131, daval\u0131 olan Wohlleben \u00fczerine veridi\u011fi bilgiler, Uwe B\u00f6hnhardt`\u0131n ve Uwe Mundlos`un sald\u0131r\u0131y\u0131 uygulama bilgilerini verdikten sonra, Haziran`\u0131n 12. ve 13. deki sorgulamas\u0131 sonu\u00e7suz ge\u00e7ti.Ortal\u0131\u011f\u0131 tela\u015fland\u0131r\u0131lan bir \u015fey vard\u0131: Schultze, [&hellip;]<\/p>\n","protected":false},"author":1,"featured_media":0,"comment_status":"closed","ping_status":"closed","sticky":false,"template":"","format":"standard","meta":{"_s2mail":"","footnotes":""},"categories":[1],"tags":[],"class_list":["post-110","post","type-post","status-publish","format-standard","hentry","category-allgemein"],"_links":{"self":[{"href":"https:\/\/www.nsu-nebenklage.de\/tr\/wp-json\/wp\/v2\/posts\/110","targetHints":{"allow":["GET"]}}],"collection":[{"href":"https:\/\/www.nsu-nebenklage.de\/tr\/wp-json\/wp\/v2\/posts"}],"about":[{"href":"https:\/\/www.nsu-nebenklage.de\/tr\/wp-json\/wp\/v2\/types\/post"}],"author":[{"embeddable":true,"href":"https:\/\/www.nsu-nebenklage.de\/tr\/wp-json\/wp\/v2\/users\/1"}],"replies":[{"embeddable":true,"href":"https:\/\/www.nsu-nebenklage.de\/tr\/wp-json\/wp\/v2\/comments?post=110"}],"version-history":[{"count":0,"href":"https:\/\/www.nsu-nebenklage.de\/tr\/wp-json\/wp\/v2\/posts\/110\/revisions"}],"wp:attachment":[{"href":"https:\/\/www.nsu-nebenklage.de\/tr\/wp-json\/wp\/v2\/media?parent=110"}],"wp:term":[{"taxonomy":"category","embeddable":true,"href":"https:\/\/www.nsu-nebenklage.de\/tr\/wp-json\/wp\/v2\/categories?post=110"},{"taxonomy":"post_tag","embeddable":true,"href":"https:\/\/www.nsu-nebenklage.de\/tr\/wp-json\/wp\/v2\/tags?post=110"}],"curies":[{"name":"wp","href":"https:\/\/api.w.org\/{rel}","templated":true}]}}