{"id":1102,"date":"2016-03-05T00:30:48","date_gmt":"2016-03-04T23:30:48","guid":{"rendered":"http:\/\/www.nsu-nebenklage.de\/tr\/?p=1102"},"modified":"2016-03-05T00:31:05","modified_gmt":"2016-03-04T23:31:05","slug":"03-03-2016","status":"publish","type":"post","link":"https:\/\/www.nsu-nebenklage.de\/tr\/2016\/03\/05\/03-03-2016\/","title":{"rendered":"03.03.2016"},"content":{"rendered":"<h4>NSU&#8217;nun ac\u0131mas\u0131z banka sald\u0131r\u0131lar\u0131yla ilgili ba\u015fka tan\u0131kl\u0131klar<\/h4>\n<p>Bug\u00fcn \u00e7ok say\u0131da tan\u0131k NSU&#8217;nun banka soygunlar\u0131yla ilgili ifade verdi. Konu bu sefer Chemnitz&#8217;deki Sparkasse&#8217;lere 2004 ve 2005 y\u0131llar\u0131nda d\u00fczenlenmi\u015f olan \u00fc\u00e7 sald\u0131r\u0131yd\u0131. Burada da tan\u0131d\u0131k bir resim, \u00f6zellikle de tabancal\u0131 ve \u201epompal\u0131 silahl\u0131\u201c Mundlos ve B\u00f6hnhardt&#8217;\u0131n a\u015f\u0131r\u0131 vah\u015fi hareketleri g\u00f6ze \u00e7arp\u0131yordu. \u0130kili banka \u00e7al\u0131\u015fanlar\u0131n\u0131 istisnas\u0131z olarak yak\u0131ndan silahla tehdit diyor, silahlar\u0131yla kafalar\u0131na vuruyor, e\u015fyalar\u0131n\u0131 par\u00e7al\u0131yordu. Hatta son olayda bir tanesi onlara bir el bombas\u0131 g\u00f6stererek daha fazla para vermezlerse bombay\u0131 patlatmakla tehdit etmi\u015fti.<\/p>\n<p>Yani bankan\u0131n \u00e7ok say\u0131da \u00e7al\u0131\u015fan\u0131 ve m\u00fc\u015fterisinin bug\u00fcn hala olay\u0131n psikolojik etkisi alt\u0131nda bulunmalar\u0131 \u015fa\u015f\u0131rt\u0131c\u0131 de\u011fil. Bir m\u00fc\u015fteri 2004 y\u0131l\u0131ndan bu yana bir daha asla bir Sparkasse \u015fubesine giremedi\u011fini anlatt\u0131. \u00c7ok say\u0131da \u00e7al\u0131\u015fan, mahkemeye \u00e7a\u011fr\u0131lmalar\u0131 ve sorgulanmalar\u0131 o zamanlarki olaylarla ilgili \u201eg\u00f6m\u00fcl\u00fc\u201c an\u0131lar\u0131n\u0131 canland\u0131rd\u0131\u011f\u0131ndan salonda g\u00f6zya\u015f\u0131 d\u00f6kt\u00fcler.<!--more--><\/p>\n<p>Son olarak heyet ba\u015fkan\u0131 9.3.2016&#8217;da, yani \u00f6n\u00fcm\u00fczdeki \u00c7ar\u015famba g\u00fcn\u00fc san\u0131k Carsten Schultze&#8217;nin ifade vermeye devam etme imkan\u0131n\u0131n oldu\u011funu ve Zsch\u00e4pe&#8217;nin sadece Bild gazetesine de\u011fil mahkemeye de 16.3.2016&#8217;da yeni cevaplar\u0131n\u0131 okutaca\u011f\u0131 bilgisini vermi\u015f oldu\u011funu duyurdu. \u00d6n\u00fcm\u00fczdeki Per\u015fembe, yani 10.03.2016 tarihindeki duru\u015fma iptal oldu.<\/p>\n","protected":false},"excerpt":{"rendered":"<p>NSU&#8217;nun ac\u0131mas\u0131z banka sald\u0131r\u0131lar\u0131yla ilgili ba\u015fka tan\u0131kl\u0131klar Bug\u00fcn \u00e7ok say\u0131da tan\u0131k NSU&#8217;nun banka soygunlar\u0131yla ilgili ifade verdi. Konu bu sefer Chemnitz&#8217;deki Sparkasse&#8217;lere 2004 ve 2005 y\u0131llar\u0131nda d\u00fczenlenmi\u015f olan \u00fc\u00e7 sald\u0131r\u0131yd\u0131. Burada da tan\u0131d\u0131k bir resim, \u00f6zellikle de tabancal\u0131 ve \u201epompal\u0131 silahl\u0131\u201c Mundlos ve B\u00f6hnhardt&#8217;\u0131n a\u015f\u0131r\u0131 vah\u015fi hareketleri g\u00f6ze \u00e7arp\u0131yordu. \u0130kili banka \u00e7al\u0131\u015fanlar\u0131n\u0131 istisnas\u0131z olarak yak\u0131ndan [&hellip;]<\/p>\n","protected":false},"author":1,"featured_media":0,"comment_status":"closed","ping_status":"closed","sticky":false,"template":"","format":"standard","meta":{"_s2mail":"yes","footnotes":""},"categories":[1],"tags":[],"class_list":["post-1102","post","type-post","status-publish","format-standard","hentry","category-allgemein"],"_links":{"self":[{"href":"https:\/\/www.nsu-nebenklage.de\/tr\/wp-json\/wp\/v2\/posts\/1102","targetHints":{"allow":["GET"]}}],"collection":[{"href":"https:\/\/www.nsu-nebenklage.de\/tr\/wp-json\/wp\/v2\/posts"}],"about":[{"href":"https:\/\/www.nsu-nebenklage.de\/tr\/wp-json\/wp\/v2\/types\/post"}],"author":[{"embeddable":true,"href":"https:\/\/www.nsu-nebenklage.de\/tr\/wp-json\/wp\/v2\/users\/1"}],"replies":[{"embeddable":true,"href":"https:\/\/www.nsu-nebenklage.de\/tr\/wp-json\/wp\/v2\/comments?post=1102"}],"version-history":[{"count":1,"href":"https:\/\/www.nsu-nebenklage.de\/tr\/wp-json\/wp\/v2\/posts\/1102\/revisions"}],"predecessor-version":[{"id":1103,"href":"https:\/\/www.nsu-nebenklage.de\/tr\/wp-json\/wp\/v2\/posts\/1102\/revisions\/1103"}],"wp:attachment":[{"href":"https:\/\/www.nsu-nebenklage.de\/tr\/wp-json\/wp\/v2\/media?parent=1102"}],"wp:term":[{"taxonomy":"category","embeddable":true,"href":"https:\/\/www.nsu-nebenklage.de\/tr\/wp-json\/wp\/v2\/categories?post=1102"},{"taxonomy":"post_tag","embeddable":true,"href":"https:\/\/www.nsu-nebenklage.de\/tr\/wp-json\/wp\/v2\/tags?post=1102"}],"curies":[{"name":"wp","href":"https:\/\/api.w.org\/{rel}","templated":true}]}}