{"id":1106,"date":"2016-03-08T13:28:33","date_gmt":"2016-03-08T12:28:33","guid":{"rendered":"http:\/\/www.nsu-nebenklage.de\/tr\/?p=1106"},"modified":"2016-03-08T13:28:33","modified_gmt":"2016-03-08T12:28:33","slug":"08-03-2016","status":"publish","type":"post","link":"https:\/\/www.nsu-nebenklage.de\/tr\/2016\/03\/08\/08-03-2016\/","title":{"rendered":"08.03.2016"},"content":{"rendered":"<h4>NSU&#8217;nun soygun sald\u0131r\u0131lar\u0131yla ilgili yeni tan\u0131k ifadeleri<\/h4>\n<p>Bug\u00fcn, zaman\u0131nda NSU&#8217;nun Chemnitz ve Zwickau&#8217;daki postane ve Sparkasse \u015fubelerine ger\u00e7ekle\u015ftirdikleri soygunlarla ilgili soru\u015fturmalar y\u00fcr\u00fctm\u00fc\u015f olan Saksonyal\u0131 baz\u0131 polis memurlar\u0131 ifade verdi. O d\u00f6nemde g\u00f6zetleme kameralar\u0131n\u0131n g\u00f6r\u00fcnt\u00fclerinin yan\u0131nda ayakkab\u0131 ve lastik izleri de bulunmu\u015ftu, ama su\u00e7lular\u0131n izine ula\u015f\u0131lamam\u0131\u015ft\u0131.<\/p>\n<p>Bunlar\u0131 ger\u00e7ekle\u015ftirenin NSU oldu\u011fu daha sonra, NSU&#8217;nun Zwickau&#8217;da kald\u0131\u011f\u0131 daire ile Eisenach&#8217;daki karavanda bulunan k\u0131yafetler, silahlar ve ganimetlerin soygunlardakilerle \u00f6rt\u00fc\u015ft\u00fc\u011f\u00fcn\u00fcn Federal Kriminal Dairesi taraf\u0131ndan tespit etmesi sonucunda anla\u015f\u0131lm\u0131\u015ft\u0131.<\/p>\n","protected":false},"excerpt":{"rendered":"<p>NSU&#8217;nun soygun sald\u0131r\u0131lar\u0131yla ilgili yeni tan\u0131k ifadeleri Bug\u00fcn, zaman\u0131nda NSU&#8217;nun Chemnitz ve Zwickau&#8217;daki postane ve Sparkasse \u015fubelerine ger\u00e7ekle\u015ftirdikleri soygunlarla ilgili soru\u015fturmalar y\u00fcr\u00fctm\u00fc\u015f olan Saksonyal\u0131 baz\u0131 polis memurlar\u0131 ifade verdi. O d\u00f6nemde g\u00f6zetleme kameralar\u0131n\u0131n g\u00f6r\u00fcnt\u00fclerinin yan\u0131nda ayakkab\u0131 ve lastik izleri de bulunmu\u015ftu, ama su\u00e7lular\u0131n izine ula\u015f\u0131lamam\u0131\u015ft\u0131. Bunlar\u0131 ger\u00e7ekle\u015ftirenin NSU oldu\u011fu daha sonra, NSU&#8217;nun Zwickau&#8217;da kald\u0131\u011f\u0131 daire [&hellip;]<\/p>\n","protected":false},"author":1,"featured_media":0,"comment_status":"closed","ping_status":"closed","sticky":false,"template":"","format":"standard","meta":{"_s2mail":"yes","footnotes":""},"categories":[1],"tags":[],"class_list":["post-1106","post","type-post","status-publish","format-standard","hentry","category-allgemein"],"_links":{"self":[{"href":"https:\/\/www.nsu-nebenklage.de\/tr\/wp-json\/wp\/v2\/posts\/1106","targetHints":{"allow":["GET"]}}],"collection":[{"href":"https:\/\/www.nsu-nebenklage.de\/tr\/wp-json\/wp\/v2\/posts"}],"about":[{"href":"https:\/\/www.nsu-nebenklage.de\/tr\/wp-json\/wp\/v2\/types\/post"}],"author":[{"embeddable":true,"href":"https:\/\/www.nsu-nebenklage.de\/tr\/wp-json\/wp\/v2\/users\/1"}],"replies":[{"embeddable":true,"href":"https:\/\/www.nsu-nebenklage.de\/tr\/wp-json\/wp\/v2\/comments?post=1106"}],"version-history":[{"count":1,"href":"https:\/\/www.nsu-nebenklage.de\/tr\/wp-json\/wp\/v2\/posts\/1106\/revisions"}],"predecessor-version":[{"id":1107,"href":"https:\/\/www.nsu-nebenklage.de\/tr\/wp-json\/wp\/v2\/posts\/1106\/revisions\/1107"}],"wp:attachment":[{"href":"https:\/\/www.nsu-nebenklage.de\/tr\/wp-json\/wp\/v2\/media?parent=1106"}],"wp:term":[{"taxonomy":"category","embeddable":true,"href":"https:\/\/www.nsu-nebenklage.de\/tr\/wp-json\/wp\/v2\/categories?post=1106"},{"taxonomy":"post_tag","embeddable":true,"href":"https:\/\/www.nsu-nebenklage.de\/tr\/wp-json\/wp\/v2\/tags?post=1106"}],"curies":[{"name":"wp","href":"https:\/\/api.w.org\/{rel}","templated":true}]}}