{"id":1141,"date":"2016-05-17T13:36:26","date_gmt":"2016-05-17T11:36:26","guid":{"rendered":"http:\/\/www.nsu-nebenklage.de\/tr\/?p=1141"},"modified":"2016-05-17T13:36:26","modified_gmt":"2016-05-17T11:36:26","slug":"11-05-2016","status":"publish","type":"post","link":"https:\/\/www.nsu-nebenklage.de\/tr\/2016\/05\/17\/11-05-2016\/","title":{"rendered":"11.05.2016"},"content":{"rendered":"<h4>Mahkeme bo\u015fa zaman harcamaya ve olaylar\u0131n ciddi \u015fekilde ayd\u0131nlat\u0131lmas\u0131n\u0131 \u00f6nlemeye devam ediyor<\/h4>\n<p>Mahkeme bug\u00fcn \u00e7e\u015fitli belgeleri okudu.<\/p>\n<p>Bunun d\u0131\u015f\u0131nda Zsch\u00e4pe, Mundlos ve B\u00f6hnhardt&#8217;\u0131n 2004 y\u0131l\u0131nda, K\u00f6ln&#8217;de Keupstrasse&#8217;de ger\u00e7ekle\u015fen sald\u0131r\u0131n\u0131n k\u0131sa s\u00fcre ard\u0131ndan yapt\u0131klar\u0131 bir tatilden foto\u011fraflar incelendi. Bu foto\u011fraflar \u00fc\u00e7l\u00fc aras\u0131nda kayg\u0131s\u0131z, ne\u015feli bir hava oldu\u011funu g\u00f6steriyordu. Bu da Zsch\u00e4pe&#8217;nin K\u00f6ln&#8217;deki sald\u0131r\u0131y\u0131 \u00f6\u011frenmesinin ard\u0131ndan aralar\u0131n\u0131n buz gibi oldu\u011funa y\u00f6nelik yapt\u0131\u011f\u0131 a\u00e7\u0131klaman\u0131n tamamen tersiydi.<!--more--><\/p>\n<p>Mahkeme ayr\u0131ca olaylar\u0131n ayd\u0131nlat\u0131lmas\u0131n\u0131n neredeyse tamamen reddedilmesi y\u00f6n\u00fcndeki \u00e7izgisini s\u00fcrd\u00fcrerek m\u00fcdahil davac\u0131lar\u0131n delil tespiti dilek\u00e7elerini reddetti. Dilek\u00e7eler bu sefer Zwickaulu B&amp;H eylemcisi ve muhbir Ralf Marschner&#8217;in \u00e7evresindeki olas\u0131 destek\u00e7ilerle ilgiliydi. \u0130\u015flenen su\u00e7larda kullan\u0131lan ara\u00e7lar\u0131n da dahil oldu\u011fu bu mesele de heyet i\u00e7in tamamen \u00f6nemsizdi. Bunun neden \u00f6nemsiz olamayaca\u011f\u0131n\u0131 <a href=\"http:\/\/www.nsu-nebenklage.de\/tr\/2016\/04\/22\/20-04-2016\/\" target=\"_blank\">20.4.2016<\/a> tarihli blogda a\u00e7\u0131klam\u0131\u015ft\u0131k.<\/p>\n","protected":false},"excerpt":{"rendered":"<p>Mahkeme bo\u015fa zaman harcamaya ve olaylar\u0131n ciddi \u015fekilde ayd\u0131nlat\u0131lmas\u0131n\u0131 \u00f6nlemeye devam ediyor Mahkeme bug\u00fcn \u00e7e\u015fitli belgeleri okudu. Bunun d\u0131\u015f\u0131nda Zsch\u00e4pe, Mundlos ve B\u00f6hnhardt&#8217;\u0131n 2004 y\u0131l\u0131nda, K\u00f6ln&#8217;de Keupstrasse&#8217;de ger\u00e7ekle\u015fen sald\u0131r\u0131n\u0131n k\u0131sa s\u00fcre ard\u0131ndan yapt\u0131klar\u0131 bir tatilden foto\u011fraflar incelendi. Bu foto\u011fraflar \u00fc\u00e7l\u00fc aras\u0131nda kayg\u0131s\u0131z, ne\u015feli bir hava oldu\u011funu g\u00f6steriyordu. Bu da Zsch\u00e4pe&#8217;nin K\u00f6ln&#8217;deki sald\u0131r\u0131y\u0131 \u00f6\u011frenmesinin ard\u0131ndan aralar\u0131n\u0131n [&hellip;]<\/p>\n","protected":false},"author":1,"featured_media":0,"comment_status":"closed","ping_status":"closed","sticky":false,"template":"","format":"standard","meta":{"_s2mail":"yes","footnotes":""},"categories":[1],"tags":[],"class_list":["post-1141","post","type-post","status-publish","format-standard","hentry","category-allgemein"],"_links":{"self":[{"href":"https:\/\/www.nsu-nebenklage.de\/tr\/wp-json\/wp\/v2\/posts\/1141","targetHints":{"allow":["GET"]}}],"collection":[{"href":"https:\/\/www.nsu-nebenklage.de\/tr\/wp-json\/wp\/v2\/posts"}],"about":[{"href":"https:\/\/www.nsu-nebenklage.de\/tr\/wp-json\/wp\/v2\/types\/post"}],"author":[{"embeddable":true,"href":"https:\/\/www.nsu-nebenklage.de\/tr\/wp-json\/wp\/v2\/users\/1"}],"replies":[{"embeddable":true,"href":"https:\/\/www.nsu-nebenklage.de\/tr\/wp-json\/wp\/v2\/comments?post=1141"}],"version-history":[{"count":1,"href":"https:\/\/www.nsu-nebenklage.de\/tr\/wp-json\/wp\/v2\/posts\/1141\/revisions"}],"predecessor-version":[{"id":1142,"href":"https:\/\/www.nsu-nebenklage.de\/tr\/wp-json\/wp\/v2\/posts\/1141\/revisions\/1142"}],"wp:attachment":[{"href":"https:\/\/www.nsu-nebenklage.de\/tr\/wp-json\/wp\/v2\/media?parent=1141"}],"wp:term":[{"taxonomy":"category","embeddable":true,"href":"https:\/\/www.nsu-nebenklage.de\/tr\/wp-json\/wp\/v2\/categories?post=1141"},{"taxonomy":"post_tag","embeddable":true,"href":"https:\/\/www.nsu-nebenklage.de\/tr\/wp-json\/wp\/v2\/tags?post=1141"}],"curies":[{"name":"wp","href":"https:\/\/api.w.org\/{rel}","templated":true}]}}