{"id":1157,"date":"2016-06-15T19:04:36","date_gmt":"2016-06-15T17:04:36","guid":{"rendered":"http:\/\/www.nsu-nebenklage.de\/tr\/?p=1157"},"modified":"2016-06-15T19:04:54","modified_gmt":"2016-06-15T17:04:54","slug":"15-06-2016","status":"publish","type":"post","link":"https:\/\/www.nsu-nebenklage.de\/tr\/2016\/06\/15\/15-06-2016\/","title":{"rendered":"15.06.2016"},"content":{"rendered":"<h4>\u201c\u00c7at pat me olacak?\u201d Peki ya haf\u0131zaya ne olacak?<\/h4>\n<p>Bug\u00fcn\u00fcn tek tan\u0131\u011f\u0131, Chemnitzli Blood and Honour \u015fefi Jan Werner&#8217;in Nazi m\u00fczik grubu Landser&#8217;e kar\u015f\u0131 y\u00fcr\u00fct\u00fclen soru\u015fturma kapsam\u0131nda 1998-2001 y\u0131llar\u0131 aras\u0131nda dinlenen telefon kay\u0131tlar\u0131 hakk\u0131nda bilgi veren bir Berlin Eyalet Kriminal Dairesi soru\u015fturmac\u0131s\u0131yd\u0131. Werner 25.08.1998 tarihinde Brandenburglu muhbir Carsten Szczepanski&#8217;ye ait bir cep telefonuna \u201c\u00e7at pat ne olacak?\u201d diye bir SMS g\u00f6ndermi\u015fti. Bu tabii ki Werner&#8217;in Zsch\u00e4pe, Mundlos ve B\u00f6hnhardt i\u00e7in ate\u015fli bir silah tedarik etmesi gerekti\u011fi ve bu y\u00fczden Szczepanski ile ba\u011flant\u0131 i\u00e7erisinde oldu\u011fu ve b\u00f6ylelikle tabii ki ortadan kaybolan \u00fc\u00e7l\u00fcy\u00fc tutuklamak i\u00e7in bir imkan do\u011fmu\u015f oldu\u011funa dair bir i\u015faretti. Brandenburg Anayasay\u0131 Koruma dairesi bu imkana engel olmu\u015ftu (bkz. <a href=\"http:\/\/www.nsu-nebenklage.de\/tr\/2016\/03\/15\/15-03-2016\/\" target=\"_blank\">15.03.2016<\/a> tarihli blog ve <a href=\"http:\/\/www.nsu-nebenklage.de\/blog\/2016\/06\/02\/02-06-2016-presseerklaerung\/\" target=\"_blank\">2.6.2016<\/a> tarihli (Almanca) bas\u0131n a\u00e7\u0131klamas\u0131).<!--more--><\/p>\n<p>Ancak tan\u0131k silah konusu ile ilgili genel olarak hi\u00e7bir \u015fey hat\u0131rlamad\u0131\u011f\u0131n\u0131 s\u00f6yledi. \u0130lgili ki\u015filerin Blood and Honour \u00fcyelikleri, ara\u015ft\u0131rma komisyonlar\u0131 taraf\u0131ndan ger\u00e7ekle\u015ftirilen sorgular\u0131 ya da davayla ilgili \u00f6nem ta\u015f\u0131yabilecek herhangi bir konu hakk\u0131nda da pek bir \u015fey hat\u0131rlam\u0131yordu. A\u00e7\u0131klama olarak dava s\u00fcrecinde bir sevk kapsam\u0131nda \u201ca\u015f\u0131r\u0131 solculu\u011fa kar\u015f\u0131 sava\u015f taraf\u0131na\u201d ge\u00e7mi\u015f oldu\u011funu \u00f6ne s\u00fcrd\u00fc. Davan\u0131n ba\u015flar\u0131nda baz\u0131 \u015feyleri ilgisizli\u011fi y\u00fcz\u00fcnden hat\u0131rlamamas\u0131n\u0131n ger\u00e7ekten m\u00fcmk\u00fcn oldu\u011fu izlenimini uyand\u0131r\u0131rken, m\u00fcdahil davac\u0131lar\u0131n sorgusu bu izlenimi de\u011fi\u015ftirdi: Ara\u015ft\u0131rma komisyonlar\u0131n\u0131n sorgular\u0131ndan, Blood amd Honour eylemcisi Thomas Starke&#8217;ye Berlin Eyalet Kriminal Dairesi&#8217;nde muhbir olarak g\u00f6rev verilmesinde rol\u00fc oldu\u011funa dair aktarma yap\u0131l\u0131rken tan\u0131k \u00e7ok utanmaz bir \u015fekilde t\u00fcm sorulara kar\u015f\u0131 savunmaya ge\u00e7ti. \u0130fadesini bu a\u00e7\u0131dan M\u00fcnih&#8217;teki davaya hi\u00e7bir \u015fey sa\u011flamad\u0131.<\/p>\n<p>Wohlleben&#8217;in avukat\u0131 Klemke, Neo-Nazi camias\u0131n\u0131 genel olarak savunmaya devam etti. M\u00fcvekkilinin ad\u0131na bilirki\u015fi Leygraf&#8217;\u0131, Carsten Schultze&#8217;yi camiadaki \u201cdikkat \u00e7ekici yabanc\u0131 d\u00fc\u015fman\u0131 sloganlar\u201d ile ilgili sorgulad\u0131\u011f\u0131 i\u00e7in reddetti. Klemke b\u00f6ylece savunman\u0131n, Wohlleben ve Th\u00fcringen Vatan Koruma&#8217;n\u0131n \u201cyabanc\u0131 d\u00fc\u015fman\u0131\u201d olmad\u0131klar\u0131na dair aptalca tezlerini s\u00fcrd\u00fcrd\u00fc. Oysa Wohlleben&#8217;in kendisi bilgisayar\u0131ndaki \u201cetnik \u00e7o\u011fulcu\u201d video ve metinlerden bahsetmi\u015fti (bkz. <a href=\"http:\/\/www.nsu-nebenklage.de\/tr\/2016\/04\/29\/28-04-2016\/\" target=\"_blank\">28.04.2016<\/a> tarihli blog).<\/p>\n<p>Mahkeme son olarak m\u00fcdahil davac\u0131lar\u0131n <a href=\"http:\/\/www.nsu-nebenklage.de\/tr\/2016\/06\/05\/02-06-2016\/\" target=\"_blank\">02.06.2016<\/a> tarihli itirazlar\u0131n\u0131 reddeden ba\u015fka kararlar\u0131 okudu. Mahkeme b\u00f6ylece, devletin sorumlulu\u011funa ve NSU&#8217;nun olas\u0131 di\u011fer destek\u00e7ilerine dair her t\u00fcrl\u00fc ayd\u0131nlatma \u00e7abas\u0131na \u00f6ylece engel olma karar\u0131n\u0131 sa\u011flamla\u015ft\u0131rm\u0131\u015f oldu.<\/p>\n","protected":false},"excerpt":{"rendered":"<p>\u201c\u00c7at pat me olacak?\u201d Peki ya haf\u0131zaya ne olacak? Bug\u00fcn\u00fcn tek tan\u0131\u011f\u0131, Chemnitzli Blood and Honour \u015fefi Jan Werner&#8217;in Nazi m\u00fczik grubu Landser&#8217;e kar\u015f\u0131 y\u00fcr\u00fct\u00fclen soru\u015fturma kapsam\u0131nda 1998-2001 y\u0131llar\u0131 aras\u0131nda dinlenen telefon kay\u0131tlar\u0131 hakk\u0131nda bilgi veren bir Berlin Eyalet Kriminal Dairesi soru\u015fturmac\u0131s\u0131yd\u0131. Werner 25.08.1998 tarihinde Brandenburglu muhbir Carsten Szczepanski&#8217;ye ait bir cep telefonuna \u201c\u00e7at pat [&hellip;]<\/p>\n","protected":false},"author":1,"featured_media":0,"comment_status":"closed","ping_status":"closed","sticky":false,"template":"","format":"standard","meta":{"_s2mail":"yes","footnotes":""},"categories":[1],"tags":[],"class_list":["post-1157","post","type-post","status-publish","format-standard","hentry","category-allgemein"],"_links":{"self":[{"href":"https:\/\/www.nsu-nebenklage.de\/tr\/wp-json\/wp\/v2\/posts\/1157","targetHints":{"allow":["GET"]}}],"collection":[{"href":"https:\/\/www.nsu-nebenklage.de\/tr\/wp-json\/wp\/v2\/posts"}],"about":[{"href":"https:\/\/www.nsu-nebenklage.de\/tr\/wp-json\/wp\/v2\/types\/post"}],"author":[{"embeddable":true,"href":"https:\/\/www.nsu-nebenklage.de\/tr\/wp-json\/wp\/v2\/users\/1"}],"replies":[{"embeddable":true,"href":"https:\/\/www.nsu-nebenklage.de\/tr\/wp-json\/wp\/v2\/comments?post=1157"}],"version-history":[{"count":2,"href":"https:\/\/www.nsu-nebenklage.de\/tr\/wp-json\/wp\/v2\/posts\/1157\/revisions"}],"predecessor-version":[{"id":1159,"href":"https:\/\/www.nsu-nebenklage.de\/tr\/wp-json\/wp\/v2\/posts\/1157\/revisions\/1159"}],"wp:attachment":[{"href":"https:\/\/www.nsu-nebenklage.de\/tr\/wp-json\/wp\/v2\/media?parent=1157"}],"wp:term":[{"taxonomy":"category","embeddable":true,"href":"https:\/\/www.nsu-nebenklage.de\/tr\/wp-json\/wp\/v2\/categories?post=1157"},{"taxonomy":"post_tag","embeddable":true,"href":"https:\/\/www.nsu-nebenklage.de\/tr\/wp-json\/wp\/v2\/tags?post=1157"}],"curies":[{"name":"wp","href":"https:\/\/api.w.org\/{rel}","templated":true}]}}