{"id":118,"date":"2013-06-18T19:50:42","date_gmt":"2013-06-18T17:50:42","guid":{"rendered":"http:\/\/www.nsu-nebenklage.de\/tr\/?p=118"},"modified":"2013-06-19T00:00:02","modified_gmt":"2013-06-18T22:00:02","slug":"18-06-2013","status":"publish","type":"post","link":"https:\/\/www.nsu-nebenklage.de\/tr\/2013\/06\/18\/18-06-2013\/","title":{"rendered":"18.06.2013"},"content":{"rendered":"<h4>Anayasal Koruma Dairesinin, 2000 de &#8216;Jena&#8217; n\u0131n yard\u0131mc\u0131lar\u0131n etraf\u0131nda ki olan ki\u015filerle ili\u015fkilerdeydiler.<\/h4>\n<p>Daval\u0131 olan Carsten Schultze&#8217;nin sorgulamas\u0131 yava\u015f bir \u015fekilde ilerledi. Schultze nerdeyse hi\u00e7 bir\u015feyi hat\u0131rlamad\u0131\u011f\u0131n\u0131 s\u00f6yledi. Herzaman t\u00fcrklere kar\u015f\u0131 herhangi bir \u00f6nyarg\u0131s\u0131n\u0131n olmad\u0131\u011f\u0131n\u0131 belirtiyor. Tabi D\u00f6ner d\u00fckkan\u0131n\u0131n y\u0131k\u0131m\u0131n\u0131 anlat\u0131rken, d\u00fckkan\u0131n\u0131n sayibinin k\u00f6keni bilmemesi, nekadar sa\u00e7ma oldu\u011fu gayet net ortada. Ayr\u0131ca &#8216;Th\u00fcringer Heimatschutz&#8217; da (Nasyonalsosyalist Partilerinin Birli\u011fi) &#8216;NPD&#8217; de (Almanya nasyonaldemokrasi Partisi) ve &#8216;Junge Nationaldemokraten&#8217; de ki (Nasyonaldemokrat gen\u00e7li\u011fi) kendi politik \u00e7al\u0131\u015fmalar\u0131n\u0131 \u00f6nemsemiyor.<\/p>\n<p>\u0130lgin\u00e7 olan, Schultze&#8217;nin 2000 de &#8216;Th\u00fcringer Heimatschutz&#8217; un ba\u015fkan\u0131 Tino Brandt&#8217;a, \u00fc\u00e7 ilegaliteye ka\u00e7an ki\u015filerle ili\u015fkide oldu\u011funu anlatmas\u0131d\u0131r. Yani en ge\u00e7 o andan itibaren ba\u015fkan\u0131n haberi bundan oldu\u011fu belli. Tino Brandt t\u00fcm s\u00fcre boyunca da Anayasal Koruma Dairesinin ihbarc\u0131s\u0131yd\u0131.<\/p>\n<p>Ayr\u0131ca, s\u00f6zde \u00e7\u0131k\u0131\u015f yapan ve o s\u00fcre\u00e7te de Anayasal Koruma Dairesiyle ili\u015fkide bulunan bir \u015fah\u0131z, 2000 y\u0131l\u0131nda Schultze&#8217;ye direk o \u00fc\u00e7 ki\u015fiyle ilgili sorular sormu\u015f. Zaman\u0131nda da ona, bununla ilgili hi\u00e7 bir\u015fey bilmedi\u011fini demi\u015f.<\/p>\n<p>Bundan k\u0131sa bir s\u00fcre sonra, Brandt&#8217;\u0131n Anaysal Koruma Dairesinin ihbarc\u0131s\u0131 oldu\u011fu ortaya \u00e7\u0131kt\u0131. Schultze onun bu Daireyi destekledi\u011fini bildi\u011fi halde, akl\u0131na sonradan olacaklar\u0131n\u0131 d\u00fc\u015f\u00fcnmedi\u011fini belirtti.<\/p>\n<p>Bu demekki: Gayet erken bir zamandan belli, ilegaliteye ka\u00e7an \u00fc\u00e7 ki\u015fi ve onlar\u0131n yard\u0131mc\u0131lar\u0131n\u0131n, Anaysal Koruma Dairesi taraf\u0131ndan takipte bulunduklar\u0131, \u00e7ok a\u00e7\u0131k bir \u015fekilde ortaya \u00e7\u0131k\u0131yor.<\/p>\n","protected":false},"excerpt":{"rendered":"<p>Anayasal Koruma Dairesinin, 2000 de &#8216;Jena&#8217; n\u0131n yard\u0131mc\u0131lar\u0131n etraf\u0131nda ki olan ki\u015filerle ili\u015fkilerdeydiler. Daval\u0131 olan Carsten Schultze&#8217;nin sorgulamas\u0131 yava\u015f bir \u015fekilde ilerledi. Schultze nerdeyse hi\u00e7 bir\u015feyi hat\u0131rlamad\u0131\u011f\u0131n\u0131 s\u00f6yledi. Herzaman t\u00fcrklere kar\u015f\u0131 herhangi bir \u00f6nyarg\u0131s\u0131n\u0131n olmad\u0131\u011f\u0131n\u0131 belirtiyor. Tabi D\u00f6ner d\u00fckkan\u0131n\u0131n y\u0131k\u0131m\u0131n\u0131 anlat\u0131rken, d\u00fckkan\u0131n\u0131n sayibinin k\u00f6keni bilmemesi, nekadar sa\u00e7ma oldu\u011fu gayet net ortada. Ayr\u0131ca &#8216;Th\u00fcringer Heimatschutz&#8217; da [&hellip;]<\/p>\n","protected":false},"author":1,"featured_media":0,"comment_status":"closed","ping_status":"closed","sticky":false,"template":"","format":"standard","meta":{"_s2mail":"","footnotes":""},"categories":[1],"tags":[],"class_list":["post-118","post","type-post","status-publish","format-standard","hentry","category-allgemein"],"_links":{"self":[{"href":"https:\/\/www.nsu-nebenklage.de\/tr\/wp-json\/wp\/v2\/posts\/118","targetHints":{"allow":["GET"]}}],"collection":[{"href":"https:\/\/www.nsu-nebenklage.de\/tr\/wp-json\/wp\/v2\/posts"}],"about":[{"href":"https:\/\/www.nsu-nebenklage.de\/tr\/wp-json\/wp\/v2\/types\/post"}],"author":[{"embeddable":true,"href":"https:\/\/www.nsu-nebenklage.de\/tr\/wp-json\/wp\/v2\/users\/1"}],"replies":[{"embeddable":true,"href":"https:\/\/www.nsu-nebenklage.de\/tr\/wp-json\/wp\/v2\/comments?post=118"}],"version-history":[{"count":0,"href":"https:\/\/www.nsu-nebenklage.de\/tr\/wp-json\/wp\/v2\/posts\/118\/revisions"}],"wp:attachment":[{"href":"https:\/\/www.nsu-nebenklage.de\/tr\/wp-json\/wp\/v2\/media?parent=118"}],"wp:term":[{"taxonomy":"category","embeddable":true,"href":"https:\/\/www.nsu-nebenklage.de\/tr\/wp-json\/wp\/v2\/categories?post=118"},{"taxonomy":"post_tag","embeddable":true,"href":"https:\/\/www.nsu-nebenklage.de\/tr\/wp-json\/wp\/v2\/tags?post=118"}],"curies":[{"name":"wp","href":"https:\/\/api.w.org\/{rel}","templated":true}]}}