{"id":1180,"date":"2016-07-15T15:26:11","date_gmt":"2016-07-15T13:26:11","guid":{"rendered":"http:\/\/www.nsu-nebenklage.de\/tr\/?p=1180"},"modified":"2016-07-15T15:26:11","modified_gmt":"2016-07-15T13:26:11","slug":"14-07-2016","status":"publish","type":"post","link":"https:\/\/www.nsu-nebenklage.de\/tr\/2016\/07\/15\/14-07-2016\/","title":{"rendered":"14.07.2016"},"content":{"rendered":"<h4>Zsch\u00e4pe\u2019nin NSU ar\u015fivindeki parmak izleri. Ve Wohlleben\u2019in savunmas\u0131 da art\u0131k olaylar\u0131 ayd\u0131nlat\u0131lmas\u0131n\u0131 talep ediyor.<\/h4>\n<p>D\u00fcnk\u00fc uzun duru\u015fman\u0131n ard\u0131ndan mahkeme bug\u00fcn s\u0131n\u0131rl\u0131 bir delil program\u0131 ger\u00e7ekle\u015ftirdi: Bir bilirki\u015fi parmak izleri konusunda bilgi vererek NSU ar\u015fivinde bulunan, cinayetler ve patlay\u0131c\u0131l\u0131 sald\u0131r\u0131larla ilgili iki gazete haberinin \u00fczerindeki parmak izlerinin Beate Zsch\u00e4pe\u2019ye ait oldu\u011funu somut \u00f6rt\u00fc\u015fmeler sayesinde nas\u0131l ortaya \u00e7\u0131kar\u0131\u011f\u0131n\u0131 anlatt\u0131. Bu izler anlatt\u0131\u011f\u0131na g\u00f6re sadece makalelere dokunma sonucunda olu\u015fabilirdi. Ba\u015fka ka\u011f\u0131tlardan bula\u015fm\u0131\u015f olmalar\u0131 imkans\u0131z de\u011fildi, ama o durumda izin yans\u0131mas\u0131 olu\u015fmal\u0131yd\u0131 ki bu makalelerde bu durum s\u00f6z konusu de\u011fildi. Yani Zsch\u00e4pe\u2019nin gazete ar\u015fivindeki bu makalelere dokunmu\u015f oldu\u011fu varsay\u0131l\u0131yordu.<br \/>\nBunun yan\u0131s\u0131ra Wohlleben\u2019in savunmas\u0131 \u00e7ok say\u0131da dilek\u00e7e verdi: Federal Savc\u0131l\u0131\u011f\u0131n NSU\u2019nun bilinen ve bilinmeyen destek\u00e7ilerine dair dava dosyalar\u0131n\u0131n dava kapsam\u0131nda incelenebilmesi talep ediliyordu. Bu dilek\u00e7enin nedeni bu dosyalarda bulunan ve 2013 y\u0131l\u0131ndan \u00e7ok say\u0131da tan\u0131k sorgusunun ancak bu hafta talep \u00fczerine dosyalar aras\u0131na konmu\u015f olmas\u0131yd\u0131. <!--more--><\/p>\n<p>Bunun d\u0131\u015f\u0131nda sa\u011fc\u0131 rock grubu Landser\u2019e a\u00e7\u0131lan davaya ait telefon takip tutanaklar\u0131n\u0131n incelenmesi ve Jan Werner (Blood and Honour Chemnitz) ve Ralf Marschner\u2019in (Blood and Honour Zwickau ve Federal Anayasay\u0131 Koruma Dairesi muhbiri) B\u00f6hnhardt ve Mundlos i\u00e7in ate\u015fli silahlar tedarik etmeleri gerekti\u011fini kan\u0131tlamak \u00fczere iki tan\u0131\u011f\u0131n sorgulanmas\u0131 isteniyordu. Marschner ile ilgili muhbir dosyalar\u0131n\u0131n Anayasay\u0131 Koruma Dairesinden edinilmesi, Dairenin ortadan kaybolan \u00fc\u00e7l\u00fcn\u00fcn nerede oldu\u011funu bildi\u011fi ama bu bilgiyi polise vermedi\u011fi anlam\u0131na geliyordu.<\/p>\n<p>Bu dilek\u00e7elerin \u00e7o\u011fu benzer \u015fekillerde m\u00fcdahil davac\u0131lar taraf\u0131ndan zaten verilmi\u015fti. NSU a\u011f\u0131n\u0131n b\u00fcy\u00fckl\u00fc\u011f\u00fc ve eylemleriyle ilgili yeni bilgiler edinmek i\u00e7in Federal Savc\u0131l\u0131\u011f\u0131n di\u011fer dava dosyalar\u0131n\u0131n incelenmesi, cinayet kurbanlar\u0131n\u0131n yak\u0131nlar\u0131yla yaral\u0131lar\u0131n NSU\u2019nun i\u015fledi\u011fi su\u00e7larda devletin nas\u0131l bir sorumlulu\u011fu oldu\u011funun ayd\u0131nlat\u0131lmas\u0131 konusundaki hakl\u0131 taleplerinden dolay\u0131 Ralf Marschner\u2019in ve Anayasay\u0131 Koruma Dairesi\u2019nin rol\u00fcn\u00fcn a\u00e7\u0131kl\u0131\u011fa kavu\u015fturulmas\u0131 istenmi\u015fti. Wohlleben\u2019in savunmas\u0131n\u0131n m\u00fcdahil davac\u0131lar\u0131n vermi\u015f oldu\u011fu dilek\u00e7elere kat\u0131lmas\u0131, mahkemenin bu dilek\u00e7eleri kabul etmesini sa\u011flayacak m\u0131 g\u00f6rece\u011fiz.<\/p>\n","protected":false},"excerpt":{"rendered":"<p>Zsch\u00e4pe\u2019nin NSU ar\u015fivindeki parmak izleri. Ve Wohlleben\u2019in savunmas\u0131 da art\u0131k olaylar\u0131 ayd\u0131nlat\u0131lmas\u0131n\u0131 talep ediyor. D\u00fcnk\u00fc uzun duru\u015fman\u0131n ard\u0131ndan mahkeme bug\u00fcn s\u0131n\u0131rl\u0131 bir delil program\u0131 ger\u00e7ekle\u015ftirdi: Bir bilirki\u015fi parmak izleri konusunda bilgi vererek NSU ar\u015fivinde bulunan, cinayetler ve patlay\u0131c\u0131l\u0131 sald\u0131r\u0131larla ilgili iki gazete haberinin \u00fczerindeki parmak izlerinin Beate Zsch\u00e4pe\u2019ye ait oldu\u011funu somut \u00f6rt\u00fc\u015fmeler sayesinde nas\u0131l ortaya [&hellip;]<\/p>\n","protected":false},"author":1,"featured_media":0,"comment_status":"closed","ping_status":"closed","sticky":false,"template":"","format":"standard","meta":{"_s2mail":"yes","footnotes":""},"categories":[1],"tags":[],"class_list":["post-1180","post","type-post","status-publish","format-standard","hentry","category-allgemein"],"_links":{"self":[{"href":"https:\/\/www.nsu-nebenklage.de\/tr\/wp-json\/wp\/v2\/posts\/1180","targetHints":{"allow":["GET"]}}],"collection":[{"href":"https:\/\/www.nsu-nebenklage.de\/tr\/wp-json\/wp\/v2\/posts"}],"about":[{"href":"https:\/\/www.nsu-nebenklage.de\/tr\/wp-json\/wp\/v2\/types\/post"}],"author":[{"embeddable":true,"href":"https:\/\/www.nsu-nebenklage.de\/tr\/wp-json\/wp\/v2\/users\/1"}],"replies":[{"embeddable":true,"href":"https:\/\/www.nsu-nebenklage.de\/tr\/wp-json\/wp\/v2\/comments?post=1180"}],"version-history":[{"count":1,"href":"https:\/\/www.nsu-nebenklage.de\/tr\/wp-json\/wp\/v2\/posts\/1180\/revisions"}],"predecessor-version":[{"id":1181,"href":"https:\/\/www.nsu-nebenklage.de\/tr\/wp-json\/wp\/v2\/posts\/1180\/revisions\/1181"}],"wp:attachment":[{"href":"https:\/\/www.nsu-nebenklage.de\/tr\/wp-json\/wp\/v2\/media?parent=1180"}],"wp:term":[{"taxonomy":"category","embeddable":true,"href":"https:\/\/www.nsu-nebenklage.de\/tr\/wp-json\/wp\/v2\/categories?post=1180"},{"taxonomy":"post_tag","embeddable":true,"href":"https:\/\/www.nsu-nebenklage.de\/tr\/wp-json\/wp\/v2\/tags?post=1180"}],"curies":[{"name":"wp","href":"https:\/\/api.w.org\/{rel}","templated":true}]}}