{"id":1184,"date":"2016-07-22T08:10:46","date_gmt":"2016-07-22T06:10:46","guid":{"rendered":"http:\/\/www.nsu-nebenklage.de\/tr\/?p=1184"},"modified":"2016-07-22T08:10:46","modified_gmt":"2016-07-22T06:10:46","slug":"19-07-2016","status":"publish","type":"post","link":"https:\/\/www.nsu-nebenklage.de\/tr\/2016\/07\/22\/19-07-2016\/","title":{"rendered":"19.07.2016"},"content":{"rendered":"<h4>Delillerin irad\u0131 ve takdiri: H\u00fckm\u00fcn yolda oldu\u011funun belirgin i\u015faretleri<\/h4>\n<p>Mahkeme bug\u00fcn Federal Kriminal Dairesi&#8217;nden bir bilgisayar teknisyenini sorgulad\u0131. Bu teknisyen, aralar\u0131nda Zsch\u00e4pe, B\u00f6hnhardt ve Mundlos&#8217;un 2004 y\u0131l\u0131ndaki tatil foto\u011fraflar\u0131n\u0131n da bulundu\u011fu \u00e7e\u015fitli foto\u011fraflar\u0131 Fr\u00fchlingsstrasse\u2019deki bir CD-Rom&#8217;dan al\u0131p basm\u0131\u015ft\u0131.<\/p>\n<p>Keupstra\u00dfe&#8217;deki patlaman\u0131n k\u0131sa s\u00fcre ard\u0131ndan \u00e7ekilmi\u015f olan bu foto\u011fraflarda Beate Zsch\u00e4pe ne\u015feli bir g\u00fcl\u00fcmsemeyle yan\u0131ndaki iki adamla rahat bir ili\u015fki i\u00e7erisinde g\u00f6r\u00fcn\u00fcyordu. Bu foto\u011fraflar Zsch\u00e4pe&#8217;nn K\u00f6ln&#8217;deki sald\u0131r\u0131n\u0131n haberini ald\u0131ktan sonra aralar\u0131n\u0131n buz kesti\u011fine dair (bkz. <a href=\"http:\/\/www.nsu-nebenklage.de\/tr\/2016\/05\/17\/11-05-2016\/\" target=\"_blank\">11.05.2016<\/a> tarihli blog) yapt\u0131\u011f\u0131 a\u00e7\u0131klamay\u0131 yalanl\u0131yordu. Mahkemenin foto\u011fraflar\u0131n teknik \u00f6zelleriklerini e bu kadar ayr\u0131nt\u0131l\u0131 \u015fekilde ayd\u0131nlatmas\u0131, bu foto\u011fradlar\u0131 verece\u011fi kararla ilgili \u00f6nemli olarak g\u00f6rd\u00fc\u011f\u00fcn\u00fc g\u00f6steriyor ki bu san\u0131\u011f\u0131n aleyhine. <!--more--><\/p>\n<p>Mahkeme bunun d\u0131\u015f\u0131nda Wohlleben&#8217;in savunmas\u0131n\u0131n verdi\u011fi \u00e7e\u015fitli delil tespiti dilek\u00e7elerini reddetti. Bu dilek\u00e7eler, Ceska&#8217;n\u0131n iddianamede belirtilen ve \u015fu ana kadarki delillerin do\u011frulad\u0131\u011f\u0131 teslimat zinciri hakk\u0131nda \u015f\u00fcphe uyand\u0131rma amac\u0131n\u0131 ta\u015f\u0131yor. Mahkeme red karar\u0131nda Ceska ile ilgili \u015fu ana kadarki delil program\u0131n\u0131n \u00e7ok ayr\u0131nt\u0131l\u0131 bir de\u011ferlendirmesinde bulunarak silah\u0131n, onu tan\u0131d\u0131\u011f\u0131 M\u00fcller&#8217;e iletmi\u015f olan ilk sahibinin (silah M\u00fcller \u00fczerinden Th\u00fcringen&#8217;e, oradan da Wohlleben ve Schultze&#8217;ye ula\u015fm\u0131\u015ft\u0131) a\u00e7\u0131klamalar\u0131n\u0131n inand\u0131r\u0131c\u0131 oldu\u011fu sonucuna varm\u0131\u015ft\u0131.<br \/>\nBug\u00fcnk\u00fc duru\u015fma her iki durumda da verilecek h\u00fckm\u00fcn kimi detaylar\u0131na y\u00f6nelik i\u015faretler ta\u015f\u0131yordu. Her \u015fey (yeniden ve halen) mahkumiyete i\u015faret ediyor.<\/p>\n<p>Wohlleben&#8217;in savunmas\u0131n\u0131n verdi\u011fi dilek\u00e7e \u00fczerine Wohlleben&#8217;e ait olan ve \u201eetno-\u00e7o\u011fulcu\u201c ifadeler ta\u015f\u0131yan iki belgenin okunmas\u0131n\u0131n ard\u0131ndan m\u00fcdahil davac\u0131lar Th\u00fcringen Vatan Koruma&#8217;n\u0131n 2000 y\u0131l\u0131ndan bir tan\u0131t\u0131m metnini okudu. Th\u00fcringen Vatan Koruma bu belgede \u201eNasyonal Sosyalist\u201c oldu\u011funu a\u00e7\u0131klay\u0131p \u00e7okk\u00fclt\u00fcrl\u00fc toplumun \u201einsanl\u0131\u011fa kar\u015f\u0131 i\u015flenmi\u015f ve i\u015flenmekte olan en b\u00fcy\u00fck su\u00e7lardan biri\u201c oldu\u011funu, \u201ek\u00fclt\u00fcrel kimliklerin ve bununla birkikte t\u00fcm halklar\u0131n sistematik olarak imha edilmelerine\u201c kar\u015f\u0131 eldeki t\u00fcm ara\u00e7larla sava\u015f\u0131lmas\u0131 gerekti\u011fi gibi a\u00e7\u0131klamalar vard\u0131. Th\u00fcringen Vatan Koruma&#8217;nin internet sitesindeki di\u011fer i\u00e7erikler, \u00f6rne\u011fin paramiliter spor talimlerinden foto\u011fraflar, \u201et\u00fcm ara\u00e7lar\u201cla neyin kastedildi\u011fini g\u00f6steriyor.<\/p>\n","protected":false},"excerpt":{"rendered":"<p>Delillerin irad\u0131 ve takdiri: H\u00fckm\u00fcn yolda oldu\u011funun belirgin i\u015faretleri Mahkeme bug\u00fcn Federal Kriminal Dairesi&#8217;nden bir bilgisayar teknisyenini sorgulad\u0131. Bu teknisyen, aralar\u0131nda Zsch\u00e4pe, B\u00f6hnhardt ve Mundlos&#8217;un 2004 y\u0131l\u0131ndaki tatil foto\u011fraflar\u0131n\u0131n da bulundu\u011fu \u00e7e\u015fitli foto\u011fraflar\u0131 Fr\u00fchlingsstrasse\u2019deki bir CD-Rom&#8217;dan al\u0131p basm\u0131\u015ft\u0131. Keupstra\u00dfe&#8217;deki patlaman\u0131n k\u0131sa s\u00fcre ard\u0131ndan \u00e7ekilmi\u015f olan bu foto\u011fraflarda Beate Zsch\u00e4pe ne\u015feli bir g\u00fcl\u00fcmsemeyle yan\u0131ndaki iki adamla [&hellip;]<\/p>\n","protected":false},"author":1,"featured_media":0,"comment_status":"closed","ping_status":"closed","sticky":false,"template":"","format":"standard","meta":{"_s2mail":"yes","footnotes":""},"categories":[1],"tags":[],"class_list":["post-1184","post","type-post","status-publish","format-standard","hentry","category-allgemein"],"_links":{"self":[{"href":"https:\/\/www.nsu-nebenklage.de\/tr\/wp-json\/wp\/v2\/posts\/1184","targetHints":{"allow":["GET"]}}],"collection":[{"href":"https:\/\/www.nsu-nebenklage.de\/tr\/wp-json\/wp\/v2\/posts"}],"about":[{"href":"https:\/\/www.nsu-nebenklage.de\/tr\/wp-json\/wp\/v2\/types\/post"}],"author":[{"embeddable":true,"href":"https:\/\/www.nsu-nebenklage.de\/tr\/wp-json\/wp\/v2\/users\/1"}],"replies":[{"embeddable":true,"href":"https:\/\/www.nsu-nebenklage.de\/tr\/wp-json\/wp\/v2\/comments?post=1184"}],"version-history":[{"count":1,"href":"https:\/\/www.nsu-nebenklage.de\/tr\/wp-json\/wp\/v2\/posts\/1184\/revisions"}],"predecessor-version":[{"id":1185,"href":"https:\/\/www.nsu-nebenklage.de\/tr\/wp-json\/wp\/v2\/posts\/1184\/revisions\/1185"}],"wp:attachment":[{"href":"https:\/\/www.nsu-nebenklage.de\/tr\/wp-json\/wp\/v2\/media?parent=1184"}],"wp:term":[{"taxonomy":"category","embeddable":true,"href":"https:\/\/www.nsu-nebenklage.de\/tr\/wp-json\/wp\/v2\/categories?post=1184"},{"taxonomy":"post_tag","embeddable":true,"href":"https:\/\/www.nsu-nebenklage.de\/tr\/wp-json\/wp\/v2\/tags?post=1184"}],"curies":[{"name":"wp","href":"https:\/\/api.w.org\/{rel}","templated":true}]}}