{"id":1194,"date":"2016-07-30T22:24:50","date_gmt":"2016-07-30T20:24:50","guid":{"rendered":"http:\/\/www.nsu-nebenklage.de\/tr\/?p=1194"},"modified":"2016-07-30T22:24:50","modified_gmt":"2016-07-30T20:24:50","slug":"27-07-2016","status":"publish","type":"post","link":"https:\/\/www.nsu-nebenklage.de\/tr\/2016\/07\/30\/27-07-2016\/","title":{"rendered":"27.07.2016"},"content":{"rendered":"<h4>Zsch\u00e4pe&#8217;nin a\u00e7\u0131klamalar\u0131 yine somut \u015fekilde \u00e7\u00fcr\u00fct\u00fcld\u00fc<\/h4>\n<p>Mahkeme bug\u00fcn sadece Federal Kriminal Dairesi&#8217;nden \u201cfoto\u011fraf arac\u0131l\u0131\u011f\u0131yla \u015fah\u0131s tespiti\u201d alan\u0131nda uzman bir ki\u015fi sorguland\u0131. Zsch\u00e4pe, Mundlos ve B\u00f6hnhardt&#8217;\u0131n 2006 y\u0131l\u0131ndaki yaz tatillerinde \u00e7ektikleri ve kendilerine e\u015flik eden birine ait bir \u015fip\u015fak foto\u011fraf\u0131n\u0131 san\u0131k Gerlach&#8217;\u0131n foto\u011fraflar\u0131yla kar\u015f\u0131la\u015ft\u0131rm\u0131\u015ft\u0131. Bilirki\u015fi bug\u00fcn ayr\u0131nt\u0131l\u0131 ve anla\u015f\u0131l\u0131r \u015fekilde foto\u011fraftaki ki\u015finin \u201ckesine yak\u0131n bir olas\u0131l\u0131kla\u201d Gerlach oldu\u011funu anlatt\u0131.<\/p>\n<p>Bilirki\u015finin raporu \u00f6nemli, \u00e7\u00fcnk\u00fc b\u00fcr kez daha Beate Zsch\u00e4pe&#8217;nin iddialar\u0131n\u0131n ger\u00e7e\u011fe uygun olma\u0131d\u011f\u0131n\u0131 g\u00f6steriyor: Zsch\u00e4pe Gerlach&#8217;la 2004 y\u0131l\u0131ndan itibaren g\u00f6r\u00fc\u015fmedi\u011fini, hele ki onunla tatil yapmam\u0131\u015f oldu\u011funu s\u00f6ylemi\u015fti. Ama bu iddia da (Zsch\u00e4pe&#8217;nin verdi\u011fi bilgiler i\u00e7erisinde denetlenmesi m\u00fcmk\u00fcn olan az say\u0131daki bilgilerden biri) de b\u00f6ylece \u00e7\u00fcr\u00fct\u00fcld\u00fc.Mahkeme b\u00f6ylece bug\u00fcn Zsch\u00e4pe&#8217;nin beklenen mahkumiyetine do\u011fru bir ad\u0131m daha att\u0131. <!--more--><\/p>\n<p>Mahkeme, son olarak m\u00fcdahil davac\u0131lar\u0131n \u201cKonfeti\u201d operasyonuyla ilgili yeniden d\u00fczenlenmi\u015f dosyalara dair itiraz\u0131n\u0131 geri \u00e7evirerek NSU cinayetlerinde devletin sorumlulu\u011funa dair bir ayd\u0131nlatmay\u0131 engellemek i\u00e7in elinden geleni yapaca\u011f\u0131n\u0131 bir kez daha g\u00f6sterdi (bkz. <a href=\"http:\/\/www.nsu-nebenklage.de\/tr\/2016\/06\/05\/02-06-2016\/\" target=\"_blank\">02.06.2016 <\/a>tarihli blog ve <a href=\"http:\/\/www.nsu-nebenklage.de\/blog\/2016\/06\/02\/02-06-2016-presseerklaerung\/\" target=\"_blank\">Almanca bas\u0131n bildirisi<\/a>).<\/p>\n<p>Yaz tatilinden \u00f6nceki son duru\u015fma tarihleri 1 A\u011fustos Pazartesi ve 2 A\u011fustos Sal\u0131 g\u00fcnleri.<\/p>\n","protected":false},"excerpt":{"rendered":"<p>Zsch\u00e4pe&#8217;nin a\u00e7\u0131klamalar\u0131 yine somut \u015fekilde \u00e7\u00fcr\u00fct\u00fcld\u00fc Mahkeme bug\u00fcn sadece Federal Kriminal Dairesi&#8217;nden \u201cfoto\u011fraf arac\u0131l\u0131\u011f\u0131yla \u015fah\u0131s tespiti\u201d alan\u0131nda uzman bir ki\u015fi sorguland\u0131. Zsch\u00e4pe, Mundlos ve B\u00f6hnhardt&#8217;\u0131n 2006 y\u0131l\u0131ndaki yaz tatillerinde \u00e7ektikleri ve kendilerine e\u015flik eden birine ait bir \u015fip\u015fak foto\u011fraf\u0131n\u0131 san\u0131k Gerlach&#8217;\u0131n foto\u011fraflar\u0131yla kar\u015f\u0131la\u015ft\u0131rm\u0131\u015ft\u0131. Bilirki\u015fi bug\u00fcn ayr\u0131nt\u0131l\u0131 ve anla\u015f\u0131l\u0131r \u015fekilde foto\u011fraftaki ki\u015finin \u201ckesine yak\u0131n bir olas\u0131l\u0131kla\u201d [&hellip;]<\/p>\n","protected":false},"author":1,"featured_media":0,"comment_status":"closed","ping_status":"closed","sticky":false,"template":"","format":"standard","meta":{"_s2mail":"yes","footnotes":""},"categories":[1],"tags":[],"class_list":["post-1194","post","type-post","status-publish","format-standard","hentry","category-allgemein"],"_links":{"self":[{"href":"https:\/\/www.nsu-nebenklage.de\/tr\/wp-json\/wp\/v2\/posts\/1194","targetHints":{"allow":["GET"]}}],"collection":[{"href":"https:\/\/www.nsu-nebenklage.de\/tr\/wp-json\/wp\/v2\/posts"}],"about":[{"href":"https:\/\/www.nsu-nebenklage.de\/tr\/wp-json\/wp\/v2\/types\/post"}],"author":[{"embeddable":true,"href":"https:\/\/www.nsu-nebenklage.de\/tr\/wp-json\/wp\/v2\/users\/1"}],"replies":[{"embeddable":true,"href":"https:\/\/www.nsu-nebenklage.de\/tr\/wp-json\/wp\/v2\/comments?post=1194"}],"version-history":[{"count":1,"href":"https:\/\/www.nsu-nebenklage.de\/tr\/wp-json\/wp\/v2\/posts\/1194\/revisions"}],"predecessor-version":[{"id":1195,"href":"https:\/\/www.nsu-nebenklage.de\/tr\/wp-json\/wp\/v2\/posts\/1194\/revisions\/1195"}],"wp:attachment":[{"href":"https:\/\/www.nsu-nebenklage.de\/tr\/wp-json\/wp\/v2\/media?parent=1194"}],"wp:term":[{"taxonomy":"category","embeddable":true,"href":"https:\/\/www.nsu-nebenklage.de\/tr\/wp-json\/wp\/v2\/categories?post=1194"},{"taxonomy":"post_tag","embeddable":true,"href":"https:\/\/www.nsu-nebenklage.de\/tr\/wp-json\/wp\/v2\/tags?post=1194"}],"curies":[{"name":"wp","href":"https:\/\/api.w.org\/{rel}","templated":true}]}}