{"id":1226,"date":"2016-10-17T21:01:11","date_gmt":"2016-10-17T19:01:11","guid":{"rendered":"http:\/\/www.nsu-nebenklage.de\/tr\/?p=1226"},"modified":"2016-10-17T21:01:11","modified_gmt":"2016-10-17T19:01:11","slug":"12-10-2016","status":"publish","type":"post","link":"https:\/\/www.nsu-nebenklage.de\/tr\/2016\/10\/17\/12-10-2016\/","title":{"rendered":"12.10.2016"},"content":{"rendered":"<h4>Son durakta ger\u00e7ekle\u015ftirilen sald\u0131r\u0131 \u2013 ve Federal Kriminal Dairesi&#8217;nin acemi soru\u015fturmalar\u0131<\/h4>\n<p>Bug\u00fcnk\u00fc duru\u015fma \u00e7ok k\u0131sa s\u00fcrd\u00fc. Mahkemeye heyeti saat daha 11&#8217;i biraz ge\u00e7erken program\u0131n\u0131 tamamlad\u0131 ve geri kalan\u0131 yar\u0131na b\u0131rakt\u0131.<\/p>\n<p>G\u00fcn\u00fcn tek tan\u0131\u011f\u0131 Jena-Winzerla&#8217;n\u0131n eski belediye ba\u015fkan\u0131yd\u0131. Tan\u0131k, Carsten Schultze&#8217;nin anlatt\u0131\u011f\u0131 ve \u00e7ok say\u0131da Neonazinin iki ki\u015fiye sald\u0131rm\u0131\u015f oldu\u011fu olay\u0131n ger\u00e7ekle\u015fti\u011fi (bkz. <a href=\"http:\/\/www.nsu-nebenklage.de\/tr\/2016\/07\/22\/21-07-2016\/\" target=\"_blank\">21.07.2016<\/a> tarihli blog) tramvay hatt\u0131n\u0131n son dura\u011f\u0131n\u0131n yap\u0131sal nitelikleriye ilgili ifade verdi. Ancak Schultze&#8217;nin bahsetmi\u015f oldu\u011fu bir detay\u0131 (kurbanlardan birinin i\u00e7ine sokuldu\u011fu ah\u015fap bir bekleme kul\u00fcbesinin varl\u0131\u011f\u0131) do\u011frulamad\u0131. \u0130fadesi bunun d\u0131\u015f\u0131nda pek ba\u015fka bir bilgi sa\u011flamad\u0131.<\/p>\n<p><!--more-->Sonradan ula\u015ft\u0131r\u0131lan kimi dava dosyalar\u0131 (B\u00f6hnhardt ve Mundlos&#8217;un birini vurmu\u015f olduklar\u0131na dair raporlarla ilgili \u201esoru\u015fturmalarda\u201c s\u00f6z konusu oldu\u011fu gibi, bkz. <a href=\"http:\/\/www.nsu-nebenklage.de\/tr\/2016\/09\/02\/01-09-2016\/\" target=\"_blank\">01.09.2016<\/a> tarihli blog), Federal Kriminal Dairesi&#8217;nin temel olaylarla ilgili nas\u0131l inan\u0131lmaz derecede acemice \u00e7al\u0131\u015ft\u0131\u011f\u0131n\u0131 g\u00f6steriyordu: En az alt\u0131 Neonazinin i\u00e7lerinden biri \u201ekahrolas\u0131 Nazi\u201cler diyen iki ki\u015fiye ger\u00e7ekle\u015ftirdikleri sald\u0131r\u0131dan \u201eradikal solcularla\u201c bir kavga hikayesi uydurulmu\u015ftu. Ayr\u0131ca Federal Kriminal Dairesi Schultze&#8217;nin raporundan bu yana ge\u00e7en \u00fc\u00e7 y\u0131l i\u00e7erisinde o zamanlarki olaya y\u00f6nelik soru\u015fturmayla ilgili olarak bir ad\u0131m bile atamam\u0131\u015ft\u0131. Bu ancak birka\u00e7 hafta \u00f6nce bir m\u00fcdahil avukat\u0131n ar\u015fiv taramalar\u0131 sonras\u0131nda olayla ilgili buldu\u011fu bir gazete makalesini mahkemeye sunmas\u0131yla (bkz. <a href=\"http:\/\/www.nsu-nebenklage.de\/tr\/2016\/09\/01\/31-08-2016\/\" target=\"_blank\">31.08.2016<\/a>) m\u00fcmk\u00fcn olmu\u015ftu. Ancak bunun sonras\u0131nda soru\u015fturmalar yava\u015f yava\u015f hareketlenmi\u015fti. B\u00f6ylece soru\u015fturmac\u0131lar\u0131n o zamanlar kurban\u0131 hastaneye g\u00f6t\u00fcrm\u00fc\u015f olan amb\u00fclans ekibini bulmalar\u0131 m\u00fcmk\u00fcn olmu\u015ftu. \u0130lk seferde sadece Jena \u015fehrindeki acil ekipleri soru\u015fturulmu\u015f ve anla\u015f\u0131lan o ki G\u00f6n\u00fcll\u00fc Hastabak\u0131c\u0131 Birli\u011fi gibi organizasyonlar\u0131n da benzeri hizmetler verdi\u011fi tamamen unutulmu\u015ftu. Di\u011fer soru\u015fturmalar daha angaje ve daha anlaml\u0131 bir \u015fekilde mi y\u00fcr\u00fct\u00fcld\u00fc ve somut bir sonu\u00e7 ortaya \u00e7\u0131kard\u0131lar m\u0131 hen\u00fcz bilinmiyor.<\/p>\n","protected":false},"excerpt":{"rendered":"<p>Son durakta ger\u00e7ekle\u015ftirilen sald\u0131r\u0131 \u2013 ve Federal Kriminal Dairesi&#8217;nin acemi soru\u015fturmalar\u0131 Bug\u00fcnk\u00fc duru\u015fma \u00e7ok k\u0131sa s\u00fcrd\u00fc. Mahkemeye heyeti saat daha 11&#8217;i biraz ge\u00e7erken program\u0131n\u0131 tamamlad\u0131 ve geri kalan\u0131 yar\u0131na b\u0131rakt\u0131. G\u00fcn\u00fcn tek tan\u0131\u011f\u0131 Jena-Winzerla&#8217;n\u0131n eski belediye ba\u015fkan\u0131yd\u0131. Tan\u0131k, Carsten Schultze&#8217;nin anlatt\u0131\u011f\u0131 ve \u00e7ok say\u0131da Neonazinin iki ki\u015fiye sald\u0131rm\u0131\u015f oldu\u011fu olay\u0131n ger\u00e7ekle\u015fti\u011fi (bkz. 21.07.2016 tarihli blog) [&hellip;]<\/p>\n","protected":false},"author":1,"featured_media":0,"comment_status":"closed","ping_status":"closed","sticky":false,"template":"","format":"standard","meta":{"_s2mail":"yes","footnotes":""},"categories":[1],"tags":[],"class_list":["post-1226","post","type-post","status-publish","format-standard","hentry","category-allgemein"],"_links":{"self":[{"href":"https:\/\/www.nsu-nebenklage.de\/tr\/wp-json\/wp\/v2\/posts\/1226","targetHints":{"allow":["GET"]}}],"collection":[{"href":"https:\/\/www.nsu-nebenklage.de\/tr\/wp-json\/wp\/v2\/posts"}],"about":[{"href":"https:\/\/www.nsu-nebenklage.de\/tr\/wp-json\/wp\/v2\/types\/post"}],"author":[{"embeddable":true,"href":"https:\/\/www.nsu-nebenklage.de\/tr\/wp-json\/wp\/v2\/users\/1"}],"replies":[{"embeddable":true,"href":"https:\/\/www.nsu-nebenklage.de\/tr\/wp-json\/wp\/v2\/comments?post=1226"}],"version-history":[{"count":1,"href":"https:\/\/www.nsu-nebenklage.de\/tr\/wp-json\/wp\/v2\/posts\/1226\/revisions"}],"predecessor-version":[{"id":1228,"href":"https:\/\/www.nsu-nebenklage.de\/tr\/wp-json\/wp\/v2\/posts\/1226\/revisions\/1228"}],"wp:attachment":[{"href":"https:\/\/www.nsu-nebenklage.de\/tr\/wp-json\/wp\/v2\/media?parent=1226"}],"wp:term":[{"taxonomy":"category","embeddable":true,"href":"https:\/\/www.nsu-nebenklage.de\/tr\/wp-json\/wp\/v2\/categories?post=1226"},{"taxonomy":"post_tag","embeddable":true,"href":"https:\/\/www.nsu-nebenklage.de\/tr\/wp-json\/wp\/v2\/tags?post=1226"}],"curies":[{"name":"wp","href":"https:\/\/api.w.org\/{rel}","templated":true}]}}