{"id":1294,"date":"2017-01-27T07:12:05","date_gmt":"2017-01-27T06:12:05","guid":{"rendered":"http:\/\/www.nsu-nebenklage.de\/tr\/?p=1294"},"modified":"2017-02-07T17:58:09","modified_gmt":"2017-02-07T16:58:09","slug":"26-01-2017","status":"publish","type":"post","link":"https:\/\/www.nsu-nebenklage.de\/tr\/2017\/01\/27\/26-01-2017\/","title":{"rendered":"26.01.2017"},"content":{"rendered":"<h4>Bilirki\u015fi Prof. Dr. Sa\u00df&#8217;\u0131n sorgusuna devam<\/h4>\n<p>Bug\u00fcn ilk olarak Jenal\u0131 ba\u015fka bir polis memuru sorguland\u0131. Bu memur son g\u00fcnlerde ifade veren meslekta\u015flar\u0131ndan daha g\u00f6z\u00fc a\u00e7\u0131k g\u00f6r\u00fcn\u00fcyordu, ancak Devlet G\u00fcvenli\u011fi&#8217;nde sadece k\u0131sa s\u00fcre \u00e7al\u0131\u015fm\u0131\u015ft\u0131 ve bu nedenle Ralf Wohlleben&#8217;in ideolojisi ve faaliyetleri hakk\u0131nda sadece \u00e7ok az \u015fey s\u00f6yleyebildi. Wohlleben&#8217;in Devlet G\u00fcvenli\u011fi&#8217;nde \u201epatron meselesi\u201c oldu\u011funa ve sadece y\u00f6netici taraf\u0131ndan ara\u015ft\u0131r\u0131labildi\u011fine dair ifadesi ilgin\u00e7ti.<\/p>\n<p>Ard\u0131ndan bilirki\u015fi Prof. Dr. Sa\u00df ile devam edildi:\u00a0 Zsch\u00e4pe&#8217;nin savunmas\u0131n\u0131n g\u00fcncel bir sorusu olmad\u0131\u011f\u0131ndan heyet ba\u015fkan\u0131 onu yeniden sorgulad\u0131. Sa\u00df&#8217;dan \u00f6zellikle de raporunun dayand\u0131\u011f\u0131 alg\u0131lar\u0131ndan bir kez daha bahsetmesini rica etti.<!--more--> Sa\u00df bu isteneni iki saat boyunca yerine getirdi ve b\u00f6ylelikle davan\u0131n \u015fu ana kadarki geli\u015fimini bir kez daha hat\u0131rlatm\u0131\u015f oldu. Sa\u00df&#8217;\u0131n \u00f6n\u00fcm\u00fczdeki hafta zaman\u0131 olmad\u0131\u011f\u0131ndan sorgusuna 7.2.2017 Sal\u0131 g\u00fcn\u00fc devam edilecek.<\/p>\n<p>M\u00fcdahil davac\u0131lar\u0131n taraf\u0131ndan Zsch\u00e4pe, Mundlos ve B\u00f6hnhardt&#8217;\u0131n ortadan kaybolduklar\u0131 26.1.1998 tarihinde garaj\u0131n aranmas\u0131 ile ilgili olaylara y\u00f6nelik bir ba\u015fka delil tespiti dilek\u00e7esi geldii: Zsch\u00e4pe, B\u00f6hnhardt&#8217;\u0131n ona garaj\u0131 \u201eyakma\u201c g\u00f6revini vermi\u015f oldu\u011funu, ama garaj arazisindeki sivil ki\u015filere zarar vermek istemedi\u011finden kendisinin bunu yapmam\u0131\u015f oldu\u011funu idddia etmi\u015fti. Oysa ki Zsch\u00e4pe&#8217;nin garaja varm\u0131\u015f olabilece\u011fi zamanda \u00e7oktan bir grup polis garaj\u0131n \u00f6n\u00fcndeydi. Zsch\u00e4pe&#8217;nin bundan bahsetmemi\u015f olmas\u0131 a\u00e7\u0131klamas\u0131n\u0131n inand\u0131r\u0131c\u0131l\u0131ktan uzak oldu\u011funa dair bir ba\u015fka i\u015faret.<\/p>\n<p>\u00d6n\u00fcm\u00fczdeki hafta sadece Sal\u0131 g\u00fcn\u00fc duru\u015fma g\u00f6r\u00fclecek.<\/p>\n<p>Duru\u015fma s\u0131ras\u0131nda bir yandan her ihtimale kar\u015f\u0131 Ocak 2018 y\u0131l\u0131na kadarki kimi tarihler belirlendi. Duru\u015fma \u00e7ok a\u011f\u0131r y\u00fcr\u00fcse de bu tarihlere ihtiya\u00e7 olaca\u011f\u0131 d\u00fc\u015f\u00fcn\u00fclm\u00fcyor. Bunlar daha \u00e7ok tedbir amac\u0131yla en k\u00f6t\u00fc ihtimale kar\u015f\u0131 belirlenn tarihler.<\/p>\n","protected":false},"excerpt":{"rendered":"<p>Bilirki\u015fi Prof. Dr. Sa\u00df&#8217;\u0131n sorgusuna devam Bug\u00fcn ilk olarak Jenal\u0131 ba\u015fka bir polis memuru sorguland\u0131. Bu memur son g\u00fcnlerde ifade veren meslekta\u015flar\u0131ndan daha g\u00f6z\u00fc a\u00e7\u0131k g\u00f6r\u00fcn\u00fcyordu, ancak Devlet G\u00fcvenli\u011fi&#8217;nde sadece k\u0131sa s\u00fcre \u00e7al\u0131\u015fm\u0131\u015ft\u0131 ve bu nedenle Ralf Wohlleben&#8217;in ideolojisi ve faaliyetleri hakk\u0131nda sadece \u00e7ok az \u015fey s\u00f6yleyebildi. Wohlleben&#8217;in Devlet G\u00fcvenli\u011fi&#8217;nde \u201epatron meselesi\u201c oldu\u011funa ve sadece [&hellip;]<\/p>\n","protected":false},"author":1,"featured_media":0,"comment_status":"closed","ping_status":"closed","sticky":false,"template":"","format":"standard","meta":{"_s2mail":"yes","footnotes":""},"categories":[1],"tags":[],"class_list":["post-1294","post","type-post","status-publish","format-standard","hentry","category-allgemein"],"_links":{"self":[{"href":"https:\/\/www.nsu-nebenklage.de\/tr\/wp-json\/wp\/v2\/posts\/1294","targetHints":{"allow":["GET"]}}],"collection":[{"href":"https:\/\/www.nsu-nebenklage.de\/tr\/wp-json\/wp\/v2\/posts"}],"about":[{"href":"https:\/\/www.nsu-nebenklage.de\/tr\/wp-json\/wp\/v2\/types\/post"}],"author":[{"embeddable":true,"href":"https:\/\/www.nsu-nebenklage.de\/tr\/wp-json\/wp\/v2\/users\/1"}],"replies":[{"embeddable":true,"href":"https:\/\/www.nsu-nebenklage.de\/tr\/wp-json\/wp\/v2\/comments?post=1294"}],"version-history":[{"count":2,"href":"https:\/\/www.nsu-nebenklage.de\/tr\/wp-json\/wp\/v2\/posts\/1294\/revisions"}],"predecessor-version":[{"id":1299,"href":"https:\/\/www.nsu-nebenklage.de\/tr\/wp-json\/wp\/v2\/posts\/1294\/revisions\/1299"}],"wp:attachment":[{"href":"https:\/\/www.nsu-nebenklage.de\/tr\/wp-json\/wp\/v2\/media?parent=1294"}],"wp:term":[{"taxonomy":"category","embeddable":true,"href":"https:\/\/www.nsu-nebenklage.de\/tr\/wp-json\/wp\/v2\/categories?post=1294"},{"taxonomy":"post_tag","embeddable":true,"href":"https:\/\/www.nsu-nebenklage.de\/tr\/wp-json\/wp\/v2\/tags?post=1294"}],"curies":[{"name":"wp","href":"https:\/\/api.w.org\/{rel}","templated":true}]}}