{"id":1297,"date":"2017-01-31T21:51:48","date_gmt":"2017-01-31T20:51:48","guid":{"rendered":"http:\/\/www.nsu-nebenklage.de\/tr\/?p=1297"},"modified":"2017-01-31T21:51:48","modified_gmt":"2017-01-31T20:51:48","slug":"31-01-2017","status":"publish","type":"post","link":"https:\/\/www.nsu-nebenklage.de\/tr\/2017\/01\/31\/31-01-2017\/","title":{"rendered":"31.01.2017"},"content":{"rendered":"<h4>Belgeler okundu ve olaylar\u0131n ayd\u0131nlat\u0131lmas\u0131na yine engel olundu<\/h4>\n<p>Mahkeme bug\u00fcn dosyalardan \u00e7ok say\u0131da belgeyi okudu. Aralar\u0131nda Beate Zsch\u00e4pe&#8217;yi 1997 y\u0131l\u0131 yaz\u0131nda Hetendorf&#8217;taki bir toplant\u0131ya giderken Neonazi ve avukat J\u00fcrgen Rieger&#8217;in arazisinde g\u00f6rm\u00fc\u015f olan bir polisin bir notu da vard\u0131.<\/p>\n<p>Ayr\u0131ca m\u00fcdahil davac\u0131lar\u0131n Berlin&#8217;deki sinagogun olas\u0131 g\u00f6zetlenmesiyle (bkz. <a href=\"http:\/\/www.nsu-nebenklage.de\/tr\/2016\/10\/28\/26-10-2016\/\" target=\"_blank\">26.10.2016<\/a>) ilgili verdi\u011fi dilek\u00e7enin ard\u0131ndan NSU&#8217;nun haz\u0131rlam\u0131\u015f oldu\u011fu adres listesindeki Yahudi kurumlar\u0131n bir listesi haz\u0131rlanm\u0131\u015ft\u0131. 200&#8217;den fazla adres i\u00e7eren bu liste de bug\u00fcn okundu. Liste, NSU \u00fcyelerinin bilinen Yahudi d\u00fc\u015fmanl\u0131\u011f\u0131n\u0131n yan\u0131nda Yahudi kurumlara yap\u0131lan bu sald\u0131r\u0131lar\u0131n (her ne kadar bu planlar bilindi\u011fi kadar\u0131yla ger\u00e7ekle\u015ftirilmi\u015f olmasalar da) esasen planl\u0131 olduklar\u0131n\u0131 g\u00f6steren ba\u015fka bir i\u015faretti.<\/p>\n<p>Mahkeme bunun ard\u0131ndan NSU ve \u00e7evresi ile ilgili ger\u00e7eklerin ayd\u0131nlat\u0131lmas\u0131na y\u00f6nelik t\u00fcm dilek\u00e7eleri reddetmeye devam etti: Bunlar\u0131n aras\u0131nda muhbir y\u00f6neticisi \u201eG\u00f6rlitz\u201cin mahkemede muhbir Carsten Szczepanski ile g\u00f6r\u00fc\u015fmeleriyle ilgili yalan s\u00f6yledi\u011fini ve b\u00f6ylece Brandenburg Anayasay\u0131 Koruma Dairesi&#8217;nin Szczepanski&#8217;ye \u201ekaynak koruma\u201c sa\u011flamak ad\u0131na ortadan kaybolan Zsch\u00e4pe, Mundlos ve B\u00f6hnhardt&#8217;\u0131n izini bulmaya y\u00f6nelik somut bir f\u0131rsat\u0131n de\u011ferlendirilmesine mani oldu\u011funu kan\u0131tlayacak bir dilek\u00e7e de vard\u0131. Mahkeme heyeti -mahkemede Nazi \u00e7evresinden tan\u0131klar\u0131n bile \u00e7o\u011fundan daha g\u00fcvenilmez oldu\u011fu izlenimini b\u0131rakan- G\u00f6rlitz&#8217;in (bkz. <a href=\"http:\/\/www.nsu-nebenklage.de\/tr\/2016\/06\/17\/16-06-2016\/\" target=\"_blank\">16.06.2016<\/a>, <a href=\"http:\/\/www.nsu-nebenklage.de\/tr\/2015\/07\/01\/01-07-2015\/\" target=\"_blank\">01.07.2015<\/a>, <a href=\"http:\/\/www.nsu-nebenklage.de\/tr\/2015\/07\/29\/29-07-2015\/\" target=\"_blank\">29.07.2015<\/a> ve <a href=\"http:\/\/www.nsu-nebenklage.de\/tr\/2016\/03\/05\/02-03-2016\/\" target=\"_blank\">02.03.2016<\/a>) ifadesini inan\u0131l\u0131r buldu\u011funu ve Anayasay\u0131 Koruma Dairesi&#8217;nin ortadan kaybolanlar\u0131n bulunmas\u0131na mani olup olmad\u0131\u011f\u0131 sorusunu \u00f6nemli bulmad\u0131\u011f\u0131n\u0131 a\u00e7\u0131klad\u0131. Bunun hakk\u0131nda bir yorum yapmaya bile gerek yok.<\/p>\n<p>\u00d6n\u00fcm\u00fczdeki Sal\u0131 g\u00fcn\u00fc bilirki\u015fi Prof. Sa\u00df ile devam edilecek.<\/p>\n","protected":false},"excerpt":{"rendered":"<p>Belgeler okundu ve olaylar\u0131n ayd\u0131nlat\u0131lmas\u0131na yine engel olundu Mahkeme bug\u00fcn dosyalardan \u00e7ok say\u0131da belgeyi okudu. Aralar\u0131nda Beate Zsch\u00e4pe&#8217;yi 1997 y\u0131l\u0131 yaz\u0131nda Hetendorf&#8217;taki bir toplant\u0131ya giderken Neonazi ve avukat J\u00fcrgen Rieger&#8217;in arazisinde g\u00f6rm\u00fc\u015f olan bir polisin bir notu da vard\u0131. Ayr\u0131ca m\u00fcdahil davac\u0131lar\u0131n Berlin&#8217;deki sinagogun olas\u0131 g\u00f6zetlenmesiyle (bkz. 26.10.2016) ilgili verdi\u011fi dilek\u00e7enin ard\u0131ndan NSU&#8217;nun haz\u0131rlam\u0131\u015f oldu\u011fu [&hellip;]<\/p>\n","protected":false},"author":1,"featured_media":0,"comment_status":"closed","ping_status":"closed","sticky":false,"template":"","format":"standard","meta":{"_s2mail":"yes","footnotes":""},"categories":[1],"tags":[],"class_list":["post-1297","post","type-post","status-publish","format-standard","hentry","category-allgemein"],"_links":{"self":[{"href":"https:\/\/www.nsu-nebenklage.de\/tr\/wp-json\/wp\/v2\/posts\/1297","targetHints":{"allow":["GET"]}}],"collection":[{"href":"https:\/\/www.nsu-nebenklage.de\/tr\/wp-json\/wp\/v2\/posts"}],"about":[{"href":"https:\/\/www.nsu-nebenklage.de\/tr\/wp-json\/wp\/v2\/types\/post"}],"author":[{"embeddable":true,"href":"https:\/\/www.nsu-nebenklage.de\/tr\/wp-json\/wp\/v2\/users\/1"}],"replies":[{"embeddable":true,"href":"https:\/\/www.nsu-nebenklage.de\/tr\/wp-json\/wp\/v2\/comments?post=1297"}],"version-history":[{"count":1,"href":"https:\/\/www.nsu-nebenklage.de\/tr\/wp-json\/wp\/v2\/posts\/1297\/revisions"}],"predecessor-version":[{"id":1298,"href":"https:\/\/www.nsu-nebenklage.de\/tr\/wp-json\/wp\/v2\/posts\/1297\/revisions\/1298"}],"wp:attachment":[{"href":"https:\/\/www.nsu-nebenklage.de\/tr\/wp-json\/wp\/v2\/media?parent=1297"}],"wp:term":[{"taxonomy":"category","embeddable":true,"href":"https:\/\/www.nsu-nebenklage.de\/tr\/wp-json\/wp\/v2\/categories?post=1297"},{"taxonomy":"post_tag","embeddable":true,"href":"https:\/\/www.nsu-nebenklage.de\/tr\/wp-json\/wp\/v2\/tags?post=1297"}],"curies":[{"name":"wp","href":"https:\/\/api.w.org\/{rel}","templated":true}]}}