{"id":1321,"date":"2017-03-09T17:08:51","date_gmt":"2017-03-09T16:08:51","guid":{"rendered":"http:\/\/www.nsu-nebenklage.de\/tr\/?p=1321"},"modified":"2017-03-09T17:08:51","modified_gmt":"2017-03-09T16:08:51","slug":"08-03-2017","status":"publish","type":"post","link":"https:\/\/www.nsu-nebenklage.de\/tr\/2017\/03\/09\/08-03-2017\/","title":{"rendered":"08.03.2017"},"content":{"rendered":"<h4>Tarafl\u0131l\u0131k nedeniyle red dilek\u00e7eleri: Bug\u00fcn Wohlleben, yar\u0131n Zsch\u00e4pe<\/h4>\n<p>San\u0131k Wohlleben bug\u00fcn mahkemeyi tarafl\u0131l\u0131k endi\u015fesiyle redetti. T\u00fcm hakimleri iki delil tespiti dilek\u00e7esini reddetmeleri, heyet ba\u015fkan\u0131n\u0131ysa ilaveten gelecek di\u011fer delil tespiti dilek\u00e7eleri i\u00e7in d\u00fcn vermi\u015f oldu\u011fu s\u00fcre nedeniyle reddetti.<\/p>\n<p>Avukat Heer -anla\u015f\u0131lan bu kez Zsch\u00e4pe ile konu\u015fmas\u0131n\u0131n ard\u0131ndan- bir red dilek\u00e7esi verece\u011fini duyurdu. Ama bunun i\u00e7in yar\u0131n 11&#8217;e kadar zamana ihtiyac\u0131\u00a0 oldu\u011funu belirtti. Yani duru\u015fmaya yar\u0131n 11&#8217;de devam edilecek.<\/p>\n<p>Bu dilek\u00e7eler ve ya\u015fanan gecikmeler nedeniyle \u00f6n\u00fcm\u00fczdeki haftaki duru\u015fma g\u00fcnleri iptal olacak m\u0131 hen\u00fcz bilinmiyor. Her ihtimalde heyet ba\u015fkan\u0131 d\u00fcn vermi\u015f oldu\u011fu s\u00fcreyi uzataca\u011f\u0131n\u0131 duyurdu. Daha fazlas\u0131 hen\u00fcz bilinmiyor.<\/p>\n<p>Hepsiyle ilgili yar\u0131n ayr\u0131nt\u0131l\u0131 bilgi verece\u011fiz.<\/p>\n","protected":false},"excerpt":{"rendered":"<p>Tarafl\u0131l\u0131k nedeniyle red dilek\u00e7eleri: Bug\u00fcn Wohlleben, yar\u0131n Zsch\u00e4pe San\u0131k Wohlleben bug\u00fcn mahkemeyi tarafl\u0131l\u0131k endi\u015fesiyle redetti. T\u00fcm hakimleri iki delil tespiti dilek\u00e7esini reddetmeleri, heyet ba\u015fkan\u0131n\u0131ysa ilaveten gelecek di\u011fer delil tespiti dilek\u00e7eleri i\u00e7in d\u00fcn vermi\u015f oldu\u011fu s\u00fcre nedeniyle reddetti. Avukat Heer -anla\u015f\u0131lan bu kez Zsch\u00e4pe ile konu\u015fmas\u0131n\u0131n ard\u0131ndan- bir red dilek\u00e7esi verece\u011fini duyurdu. Ama bunun i\u00e7in yar\u0131n [&hellip;]<\/p>\n","protected":false},"author":1,"featured_media":0,"comment_status":"closed","ping_status":"closed","sticky":false,"template":"","format":"standard","meta":{"_s2mail":"yes","footnotes":""},"categories":[1],"tags":[],"class_list":["post-1321","post","type-post","status-publish","format-standard","hentry","category-allgemein"],"_links":{"self":[{"href":"https:\/\/www.nsu-nebenklage.de\/tr\/wp-json\/wp\/v2\/posts\/1321","targetHints":{"allow":["GET"]}}],"collection":[{"href":"https:\/\/www.nsu-nebenklage.de\/tr\/wp-json\/wp\/v2\/posts"}],"about":[{"href":"https:\/\/www.nsu-nebenklage.de\/tr\/wp-json\/wp\/v2\/types\/post"}],"author":[{"embeddable":true,"href":"https:\/\/www.nsu-nebenklage.de\/tr\/wp-json\/wp\/v2\/users\/1"}],"replies":[{"embeddable":true,"href":"https:\/\/www.nsu-nebenklage.de\/tr\/wp-json\/wp\/v2\/comments?post=1321"}],"version-history":[{"count":1,"href":"https:\/\/www.nsu-nebenklage.de\/tr\/wp-json\/wp\/v2\/posts\/1321\/revisions"}],"predecessor-version":[{"id":1322,"href":"https:\/\/www.nsu-nebenklage.de\/tr\/wp-json\/wp\/v2\/posts\/1321\/revisions\/1322"}],"wp:attachment":[{"href":"https:\/\/www.nsu-nebenklage.de\/tr\/wp-json\/wp\/v2\/media?parent=1321"}],"wp:term":[{"taxonomy":"category","embeddable":true,"href":"https:\/\/www.nsu-nebenklage.de\/tr\/wp-json\/wp\/v2\/categories?post=1321"},{"taxonomy":"post_tag","embeddable":true,"href":"https:\/\/www.nsu-nebenklage.de\/tr\/wp-json\/wp\/v2\/tags?post=1321"}],"curies":[{"name":"wp","href":"https:\/\/api.w.org\/{rel}","templated":true}]}}