{"id":1332,"date":"2017-04-07T10:09:00","date_gmt":"2017-04-07T08:09:00","guid":{"rendered":"http:\/\/www.nsu-nebenklage.de\/tr\/?p=1332"},"modified":"2017-04-07T10:09:00","modified_gmt":"2017-04-07T08:09:00","slug":"05-04-2017","status":"publish","type":"post","link":"https:\/\/www.nsu-nebenklage.de\/tr\/2017\/04\/07\/05-04-2017\/","title":{"rendered":"05.04.2017"},"content":{"rendered":"<h4>Bir kez daha muhbir Temme<\/h4>\n<p>Wohlleben&#8217;in savunmas\u0131n\u0131n tarafl\u0131l\u0131k nedeniyle red talebi beklendi\u011fi \u00fczere, gerek\u00e7esiz oldu\u011fu nedeniyle reddedildi.<\/p>\n<p>Yar\u0131n gelmek \u00fczere davet edilmi\u015f olan Prof. Bauer (Zsch\u00e4pe&#8217;nin kendisine inceleme konu\u015fmalar\u0131nda anlatm\u0131\u015f olduklar\u0131n\u0131n tan\u0131\u011f\u0131 olarak) ve Prof.Sa\u00df&#8217;\u0131n (bilirki\u015fi olarak) davetleri yine iptal edildi: Zsch\u00e4pe&#8217;nin avukat\u0131 Grasel, Bauer&#8217;in bir tan\u0131k sorgusu i\u00e7in susma y\u00fck\u00fcml\u00fcl\u00fc\u011f\u00fcnden muaf tutulamayaca\u011f\u0131n\u0131 duyurdu. Savunma \u015fimdi Bauer&#8217;i 3 ve 4 May\u0131s g\u00fcnlerinde bilirki\u015fi olarak gelmesi i\u00e7in \u00e7a\u011f\u0131rd\u0131. Ceza Muhakemeleri Us\u00fcl\u00fc Kanunu&#8217;na g\u00f6re mahkemenin de onu bilirki\u015fi olarak dinlemesi gerekecek.<\/p>\n<p>Yozgat&#8217;\u0131n m\u00fcdahil avukatlar\u0131, Londra \u00dcniversitesi&#8217;nin &#8220;adli mimari&#8221; ekibinden bir ara\u015ft\u0131rmac\u0131y\u0131 bilirki\u015fi olarak \u00e7a\u011f\u0131rmak istediklerini duyurdular. Bu ekip Halit Yozgat&#8217;\u0131n Kassel&#8217;deki cinayet yerinin zahmetli bir rekonstr\u00fcksiyonunu ger\u00e7ekle\u015ftirmi\u015fti. Ve bu rekonstr\u00fcksiyon Andreas Temme&#8217;nin olay yerinde oldu\u011fu halde ne silah seslerini duydu\u011fu ne de Yozgat&#8217;\u0131n cesedini g\u00f6rd\u00fc\u011f\u00fc iddialar\u0131n\u0131 (bununla ilgili olarak bkz. NSU mahkemesinin bas\u0131n toplant\u0131s\u0131 daveti) \u00e7\u00fcr\u00fct\u00fcyordu.<\/p>\n<p>M\u00fcdahil davac\u0131lar da mahkemenin Temme&#8217;nin ifadelerinin tamam\u0131na inanmak istedi\u011fini belli etmesinin ard\u0131ndan (bkz. <a href=\"https:\/\/www.nsu-nebenklage.de\/tr\/2016\/07\/12\/12-07-2016\/\" target=\"_blank\">12.07.2016<\/a>) bilirki\u015filerini kendileri \u00e7a\u011f\u0131rd\u0131lar. Bilirki\u015fi 10.05 tarihinde dinlenecek.<\/p>\n<p>Bunun d\u0131\u015f\u0131nda \u00e7e\u015fitli g\u00f6r\u00fc\u015fler bildirildi. \u00d6rne\u011fin Wohlleben&#8217;in savunmas\u0131n\u0131n Heilbronn&#8217;daki olay yerinin yak\u0131n\u0131nda &#8220;FBI ajanlar\u0131n\u0131n&#8221; bulundu\u011fu iddias\u0131na y\u00f6nelik delil tespiti dilek\u00e7esi hakk\u0131nda.<\/p>\n<p>Yar\u0131n da bu konu hakk\u0131nda g\u00f6r\u00fc\u015f\u00fclecek, ayr\u0131ca Wohlleben&#8217;in savunmas\u0131 ba\u015fka delil tespiti dilek\u00e7eleri de verece\u011fini duyurdu. Yar\u0131n i\u00e7in planlanan ba\u015fka bir program yok.<\/p>\n","protected":false},"excerpt":{"rendered":"<p>Bir kez daha muhbir Temme Wohlleben&#8217;in savunmas\u0131n\u0131n tarafl\u0131l\u0131k nedeniyle red talebi beklendi\u011fi \u00fczere, gerek\u00e7esiz oldu\u011fu nedeniyle reddedildi. Yar\u0131n gelmek \u00fczere davet edilmi\u015f olan Prof. Bauer (Zsch\u00e4pe&#8217;nin kendisine inceleme konu\u015fmalar\u0131nda anlatm\u0131\u015f olduklar\u0131n\u0131n tan\u0131\u011f\u0131 olarak) ve Prof.Sa\u00df&#8217;\u0131n (bilirki\u015fi olarak) davetleri yine iptal edildi: Zsch\u00e4pe&#8217;nin avukat\u0131 Grasel, Bauer&#8217;in bir tan\u0131k sorgusu i\u00e7in susma y\u00fck\u00fcml\u00fcl\u00fc\u011f\u00fcnden muaf tutulamayaca\u011f\u0131n\u0131 duyurdu. Savunma [&hellip;]<\/p>\n","protected":false},"author":1,"featured_media":0,"comment_status":"closed","ping_status":"closed","sticky":false,"template":"","format":"standard","meta":{"_s2mail":"yes","footnotes":""},"categories":[1],"tags":[],"class_list":["post-1332","post","type-post","status-publish","format-standard","hentry","category-allgemein"],"_links":{"self":[{"href":"https:\/\/www.nsu-nebenklage.de\/tr\/wp-json\/wp\/v2\/posts\/1332","targetHints":{"allow":["GET"]}}],"collection":[{"href":"https:\/\/www.nsu-nebenklage.de\/tr\/wp-json\/wp\/v2\/posts"}],"about":[{"href":"https:\/\/www.nsu-nebenklage.de\/tr\/wp-json\/wp\/v2\/types\/post"}],"author":[{"embeddable":true,"href":"https:\/\/www.nsu-nebenklage.de\/tr\/wp-json\/wp\/v2\/users\/1"}],"replies":[{"embeddable":true,"href":"https:\/\/www.nsu-nebenklage.de\/tr\/wp-json\/wp\/v2\/comments?post=1332"}],"version-history":[{"count":1,"href":"https:\/\/www.nsu-nebenklage.de\/tr\/wp-json\/wp\/v2\/posts\/1332\/revisions"}],"predecessor-version":[{"id":1334,"href":"https:\/\/www.nsu-nebenklage.de\/tr\/wp-json\/wp\/v2\/posts\/1332\/revisions\/1334"}],"wp:attachment":[{"href":"https:\/\/www.nsu-nebenklage.de\/tr\/wp-json\/wp\/v2\/media?parent=1332"}],"wp:term":[{"taxonomy":"category","embeddable":true,"href":"https:\/\/www.nsu-nebenklage.de\/tr\/wp-json\/wp\/v2\/categories?post=1332"},{"taxonomy":"post_tag","embeddable":true,"href":"https:\/\/www.nsu-nebenklage.de\/tr\/wp-json\/wp\/v2\/tags?post=1332"}],"curies":[{"name":"wp","href":"https:\/\/api.w.org\/{rel}","templated":true}]}}