{"id":1357,"date":"2017-05-25T22:36:11","date_gmt":"2017-05-25T20:36:11","guid":{"rendered":"http:\/\/www.nsu-nebenklage.de\/tr\/?p=1357"},"modified":"2017-05-25T22:36:11","modified_gmt":"2017-05-25T20:36:11","slug":"24-05-2017","status":"publish","type":"post","link":"https:\/\/www.nsu-nebenklage.de\/tr\/2017\/05\/25\/24-05-2017\/","title":{"rendered":"24.05.2017"},"content":{"rendered":"<h4>Tan\u0131kl\u0131klar sona ermeden son ad\u0131mlar<\/h4>\n<p>Beate Zsch\u00e4pe&#8217;nin annesi bug\u00fcn yine mahkemeye ifade vermeyi reddetti, ama 2011 y\u0131l\u0131nda polis taraf\u0131ndan ger\u00e7ekle\u015ftirilmi\u015f olan sorgusunun de\u011ferlendirilmesine r\u0131za g\u00f6sterdi. Bu sorgu onu o zamanlar sorgulam\u0131\u015f olan bir polis memuru taraf\u0131ndan sunuldu. Sorgu \u00f6zelikle de Beate Zsch\u00e4pe&#8217;nin \u00e7ocuklu\u011fu ve gen\u00e7li\u011fine ve annesiyle aras\u0131ndaki anla\u015fmazl\u0131\u011fa dair bilgiler i\u00e7eriyordu. Tan\u0131\u011f\u0131n s\u00f6yledi\u011fine g\u00f6re k\u0131z\u0131n\u0131n politik tutumu bu anla\u015fmazl\u0131\u011f\u0131n \u00f6nemli bir sebebiydi.<\/p>\n<p>Ard\u0131ndan Yozgat&#8217;\u0131n m\u00fcdahil davac\u0131lar\u0131 Prof. Bauer&#8217;i tarafl\u0131l\u0131k nedeniyle reddettiler. Bauer mahkemedeki utan\u00e7 verici tarafl\u0131 \u00e7\u0131k\u0131\u015f\u0131n\u0131 (bkz. <a href=\"http:\/\/www.nsu-nebenklage.de\/tr\/2017\/05\/25\/1354\/\" target=\"_blank\" rel=\"noopener noreferrer\">18.05.2017<\/a> tarihli blog) sonradan iyice ta\u00e7land\u0131rd\u0131: Yay\u0131nlanan ele\u015ftirel haberlere tepki olarak \u201eWelt\u201c gazetesine maille raporunu yollad\u0131 ve Zsch\u00e4pe&#8217;nin \u201ecad\u0131 yakma\u201c kurban\u0131 oldu\u011fundan \u015fikayet\u00e7i oldu. Bununla ilgili g\u00f6r\u00fc\u015f bildirmeye gerek yok, Bauer&#8217;in m\u00fcnasabetsizli\u011fi apa\u00e7\u0131k ortada. Avukat Heer daha red dilek\u00e7esi duyuruldu\u011funda a\u00e7\u0131k \u015fekilde e\u011fleniyormu\u015f gibiydi.<!--more--><\/p>\n<p>Wohlleben&#8217;in savunmas\u0131 buna kar\u015f\u0131l\u0131k ba\u015fka bir delil tespiti dilek\u00e7esi vererek Bauer&#8217;in B\u00f6hnhardt ve Mundlos&#8217;a y\u00f6nelik \u201eantiparantez\u201c te\u015fhisine kat\u0131ld\u0131: Bauer ikilinin kesinlikle y\u00fcksek derecede psikopat su\u00e7lular oldu\u011funu a\u00e7\u0131klam\u0131\u015ft\u0131. NSU&#8217;nun \u0131rk\u00e7\u0131 cinayetlerini apolitize etmeye y\u00f6nelik bu tavr\u0131 \u015fimdi savunma da benimsiyor \u2013 psikiyatrik bir bilirki\u015fi raporunun, B\u00f6hnhardt ve Mundlos&#8217;un psikopatik bir ki\u015filik bozuklu\u011fundan muzdarip olduklar\u0131n\u0131 ve psikopatlar rahats\u0131zl\u0131klar\u0131n\u0131 manip\u00fclatif bir \u015fekilde gizleyecek durumda olduklar\u0131ndan bunun \u00fc\u00e7\u00fcnc\u00fc ki\u015filer taraf\u0131ndan anla\u015f\u0131lmad\u0131\u011f\u0131n\u0131 tespit etmsi bekleniyor. Bu dilek\u00e7enin de ba\u015far\u0131 kazanmas\u0131 beklenmiyor.<\/p>\n<p>Federal Savc\u0131l\u0131k ge\u00e7en haftan\u0131n delil tespiti dilek\u00e7eleriyle ilgili g\u00f6r\u00fc\u015f bildirdi. Federal Savc\u0131 Dr. Diemer, m\u00fcdahil avukatlar\u0131n Stefan Lange&#8217;ye (bkz. 17.05.2017 tarihli blog) y\u00f6nelik dilek\u00e7elerine verilen cevaba en tepedekileri ilgilendiren bir \u00f6nem atfetti ve Alman gizli servisine bir temiz ka\u011f\u0131d\u0131 \u00e7\u0131karma f\u0131rsat\u0131n\u0131 kulland\u0131: Gizli servisin kimi bilgileri iletmemi\u015f oldu\u011funa dair hi\u00e7bir ipucu yoktu, aksine verdikleri bilgiler M\u00fcnih&#8217;te delillerin toplanmas\u0131na \u00f6nemli \u015fekilde yard\u0131mc\u0131 olmu\u015ftu. Bu g\u00f6r\u00fc\u015f tabii ki Federal Savc\u0131l\u0131\u011f\u0131n her \u015feyden \u00f6nce devleti ve yetkililerini koruyan politik bir makam olarak kendini alg\u0131lay\u0131\u015f\u0131na uygun d\u00fc\u015f\u00fcyordu. NSU kompleksinin son y\u0131llardaki geli\u015fimine \u015fahit olmu\u015f herkes bu g\u00f6r\u00fc\u015f\u00fcn i\u00e7eriksel olarak saf bir propaganda oldu\u011funu kolayl\u0131kla g\u00f6rebilir. Ka\u011f\u0131t \u00f6\u011f\u00fct\u00fcc\u00fc skandallar\u0131, \u00e7e\u015fitli muhbir y\u00f6neticilerinin mahkemeye verdikleri skandal ifadeler, NSU&#8217;nun \u00e7ekirdek \u00fc\u00e7l\u00fcs\u00fcn\u00fcn \u00e7evresindeki muhbir yo\u011funlu\u011fu ve \u00e7ok daha fazlas\u0131 her\u015feyi a\u00e7\u0131k\u00e7a ortaya koyuyor.<\/p>\n<p>Ard\u0131ndan Prof. Faustmann&#8217;\u0131n y\u00f6ntem-ele\u015ftirel bilirki\u015fi raporu ve Prof Sa\u00df&#8217;\u0131n verece\u011fi duyurulan cevab\u0131 s\u00f6z konusu oldu. Mahkeme -savunman\u0131n dilek\u00e7elerine kar\u015f\u0131 \u00e7\u0131karak- Faustmann&#8217;\u0131n Sa\u00df&#8217;\u0131n g\u00f6r\u00fc\u015f bildirece\u011fi duru\u015fma g\u00fcn\u00fcne \u00e7a\u011fr\u0131lmamas\u0131 karar\u0131n\u0131 verdi. Sa\u00df \u00f6n\u00fcm\u00fczdeki Sal\u0131 g\u00fcn\u00fc g\u00f6r\u00fc\u015f bildirecek.<\/p>\n<p>Di\u011fer iki g\u00fcnde ne yap\u0131laca\u011f\u0131 ile ilgili olarak heyet ba\u015fkan\u0131 kesin bir \u015fey s\u00f6ylemek istemedi. Mahkemenin tan\u0131kl\u0131klar\u0131 \u00f6n\u00fcm\u00fczdeki hafta sonland\u0131rmay\u0131 ba\u015faraca\u011f\u0131 \u015f\u00fcpheli. \u00d6ncelikle birka\u00e7 delil tespiti dilek\u00e7esi daha verilecek, ayr\u0131ca san\u0131klar\u0131n \u015fahsi ili\u015fkileri bir kez daha ara\u015ft\u0131r\u0131lacak. Bu noktada ge\u00e7ti\u011fimiz hafta Andr\u00e9 Eminger&#8217;e yaralama ve \u015fiddet kullanmaktan h\u00fck\u00fcm giydiren (bir gence kar\u015f\u0131 yumruklar ve tekmelerle a\u011f\u0131r \u015fekilde \u015fiddet uygulam\u0131\u015ft\u0131) Zwickau Sulh Mahkemes&#8217;nin verece\u011fi (hen\u00fcz hukuken ge\u00e7erlilik kazanmam\u0131\u015f) karar da dikkate al\u0131nacak.<\/p>\n","protected":false},"excerpt":{"rendered":"<p>Tan\u0131kl\u0131klar sona ermeden son ad\u0131mlar Beate Zsch\u00e4pe&#8217;nin annesi bug\u00fcn yine mahkemeye ifade vermeyi reddetti, ama 2011 y\u0131l\u0131nda polis taraf\u0131ndan ger\u00e7ekle\u015ftirilmi\u015f olan sorgusunun de\u011ferlendirilmesine r\u0131za g\u00f6sterdi. Bu sorgu onu o zamanlar sorgulam\u0131\u015f olan bir polis memuru taraf\u0131ndan sunuldu. Sorgu \u00f6zelikle de Beate Zsch\u00e4pe&#8217;nin \u00e7ocuklu\u011fu ve gen\u00e7li\u011fine ve annesiyle aras\u0131ndaki anla\u015fmazl\u0131\u011fa dair bilgiler i\u00e7eriyordu. Tan\u0131\u011f\u0131n s\u00f6yledi\u011fine g\u00f6re [&hellip;]<\/p>\n","protected":false},"author":1,"featured_media":0,"comment_status":"closed","ping_status":"closed","sticky":false,"template":"","format":"standard","meta":{"_s2mail":"yes","footnotes":""},"categories":[1],"tags":[],"class_list":["post-1357","post","type-post","status-publish","format-standard","hentry","category-allgemein"],"_links":{"self":[{"href":"https:\/\/www.nsu-nebenklage.de\/tr\/wp-json\/wp\/v2\/posts\/1357","targetHints":{"allow":["GET"]}}],"collection":[{"href":"https:\/\/www.nsu-nebenklage.de\/tr\/wp-json\/wp\/v2\/posts"}],"about":[{"href":"https:\/\/www.nsu-nebenklage.de\/tr\/wp-json\/wp\/v2\/types\/post"}],"author":[{"embeddable":true,"href":"https:\/\/www.nsu-nebenklage.de\/tr\/wp-json\/wp\/v2\/users\/1"}],"replies":[{"embeddable":true,"href":"https:\/\/www.nsu-nebenklage.de\/tr\/wp-json\/wp\/v2\/comments?post=1357"}],"version-history":[{"count":1,"href":"https:\/\/www.nsu-nebenklage.de\/tr\/wp-json\/wp\/v2\/posts\/1357\/revisions"}],"predecessor-version":[{"id":1358,"href":"https:\/\/www.nsu-nebenklage.de\/tr\/wp-json\/wp\/v2\/posts\/1357\/revisions\/1358"}],"wp:attachment":[{"href":"https:\/\/www.nsu-nebenklage.de\/tr\/wp-json\/wp\/v2\/media?parent=1357"}],"wp:term":[{"taxonomy":"category","embeddable":true,"href":"https:\/\/www.nsu-nebenklage.de\/tr\/wp-json\/wp\/v2\/categories?post=1357"},{"taxonomy":"post_tag","embeddable":true,"href":"https:\/\/www.nsu-nebenklage.de\/tr\/wp-json\/wp\/v2\/tags?post=1357"}],"curies":[{"name":"wp","href":"https:\/\/api.w.org\/{rel}","templated":true}]}}