{"id":1368,"date":"2017-07-01T22:38:12","date_gmt":"2017-07-01T20:38:12","guid":{"rendered":"http:\/\/www.nsu-nebenklage.de\/tr\/?p=1368"},"modified":"2017-07-01T22:38:12","modified_gmt":"2017-07-01T20:38:12","slug":"20-06-2017","status":"publish","type":"post","link":"https:\/\/www.nsu-nebenklage.de\/tr\/2017\/07\/01\/20-06-2017\/","title":{"rendered":"20.06.2017"},"content":{"rendered":"<h4>Pek ilgin\u00e7 olmayan bir g\u00fcn<\/h4>\n<p>Wohlleben&#8217;in savunmas\u0131n\u0131n vermi\u015f oldu\u011fu reddi hakim dilek\u00e7esinin gerek\u00e7esiz oldu\u011fu nedeniyle reddedilmesinin ard\u0131ndan bug\u00fcn tan\u0131kl\u0131klara devam edildi. Ancak bug\u00fcn yapacak \u00e7ok az \u015fey vard\u0131 ve dava tan\u0131kl\u0131klar\u0131n sona ermesinden \u00f6nceki son d\u00fczl\u00fckte de h\u0131zlanmad\u0131.<\/p>\n<p>Mahkeme bir kez daha Yozgat&#8217;\u0131n m\u00fcdahil avukatlar\u0131n\u0131n bilirki\u015fi Prof. Bauer&#8217;e kar\u015f\u0131 vermi\u015f oldu\u011fu tarafl\u0131l\u0131k nedeniyle red dilek\u00e7esiyle ilgilendi. Bauer mahkemeye bildirdi\u011fi uzun bir g\u00f6r\u00fc\u015fle neden tarafl\u0131 olmad\u0131\u011f\u0131n\u0131 d\u00fc\u015f\u00fcnd\u00fc\u011f\u00fcn\u00fc anlatmaya \u00e7al\u0131\u015ft\u0131 ama bununla tarafl\u0131 oldu\u011funa dair izlenimi daha da kuvvetlendirdi. B\u00f6ylece Federal Savc\u0131l\u0131k da Bauer&#8217;in reddi i\u00e7in verilen dilek\u00e7eyi hakl\u0131 g\u00f6rd\u00fc\u011f\u00fcn\u00fc bildirdi.<\/p>\n<p>Federal Savc\u0131l\u0131k Wohlleben&#8217;in savunmas\u0131n\u0131nn vermi\u015f oldu\u011fu psiko-dilek\u00e7eyle ilgili de g\u00f6r\u00fc\u015f bildirdi ve onun reddedilmesi i\u00e7in dilek\u00e7e verdi. Savunma buna bir kez daha cevap vermek istiyor; savunmaya bunun i\u00e7in zaman vermek \u00fczere heyet ba\u015fkan\u0131 yar\u0131nki duru\u015fman\u0131n ba\u015flang\u0131c\u0131n\u0131 saat 13&#8217;e ald\u0131.<\/p>\n<p>Bu hafta \u00f6n g\u00f6r\u00fclen ba\u015fka bir tan\u0131kl\u0131k yok, bu y\u00fczden Per\u015fembe g\u00fcnk\u00fc duru\u015fman\u0131n iptal olmas\u0131 m\u00fcmk\u00fcn. Ancak heyet ba\u015fkan\u0131 bug\u00fcn kesin bir karar vermek istemedi.<\/p>\n<p>&nbsp;<\/p>\n","protected":false},"excerpt":{"rendered":"<p>Pek ilgin\u00e7 olmayan bir g\u00fcn Wohlleben&#8217;in savunmas\u0131n\u0131n vermi\u015f oldu\u011fu reddi hakim dilek\u00e7esinin gerek\u00e7esiz oldu\u011fu nedeniyle reddedilmesinin ard\u0131ndan bug\u00fcn tan\u0131kl\u0131klara devam edildi. Ancak bug\u00fcn yapacak \u00e7ok az \u015fey vard\u0131 ve dava tan\u0131kl\u0131klar\u0131n sona ermesinden \u00f6nceki son d\u00fczl\u00fckte de h\u0131zlanmad\u0131. Mahkeme bir kez daha Yozgat&#8217;\u0131n m\u00fcdahil avukatlar\u0131n\u0131n bilirki\u015fi Prof. Bauer&#8217;e kar\u015f\u0131 vermi\u015f oldu\u011fu tarafl\u0131l\u0131k nedeniyle red dilek\u00e7esiyle [&hellip;]<\/p>\n","protected":false},"author":1,"featured_media":0,"comment_status":"closed","ping_status":"closed","sticky":false,"template":"","format":"standard","meta":{"_s2mail":"yes","footnotes":""},"categories":[1],"tags":[],"class_list":["post-1368","post","type-post","status-publish","format-standard","hentry","category-allgemein"],"_links":{"self":[{"href":"https:\/\/www.nsu-nebenklage.de\/tr\/wp-json\/wp\/v2\/posts\/1368","targetHints":{"allow":["GET"]}}],"collection":[{"href":"https:\/\/www.nsu-nebenklage.de\/tr\/wp-json\/wp\/v2\/posts"}],"about":[{"href":"https:\/\/www.nsu-nebenklage.de\/tr\/wp-json\/wp\/v2\/types\/post"}],"author":[{"embeddable":true,"href":"https:\/\/www.nsu-nebenklage.de\/tr\/wp-json\/wp\/v2\/users\/1"}],"replies":[{"embeddable":true,"href":"https:\/\/www.nsu-nebenklage.de\/tr\/wp-json\/wp\/v2\/comments?post=1368"}],"version-history":[{"count":1,"href":"https:\/\/www.nsu-nebenklage.de\/tr\/wp-json\/wp\/v2\/posts\/1368\/revisions"}],"predecessor-version":[{"id":1369,"href":"https:\/\/www.nsu-nebenklage.de\/tr\/wp-json\/wp\/v2\/posts\/1368\/revisions\/1369"}],"wp:attachment":[{"href":"https:\/\/www.nsu-nebenklage.de\/tr\/wp-json\/wp\/v2\/media?parent=1368"}],"wp:term":[{"taxonomy":"category","embeddable":true,"href":"https:\/\/www.nsu-nebenklage.de\/tr\/wp-json\/wp\/v2\/categories?post=1368"},{"taxonomy":"post_tag","embeddable":true,"href":"https:\/\/www.nsu-nebenklage.de\/tr\/wp-json\/wp\/v2\/tags?post=1368"}],"curies":[{"name":"wp","href":"https:\/\/api.w.org\/{rel}","templated":true}]}}