{"id":1370,"date":"2017-07-01T22:44:35","date_gmt":"2017-07-01T20:44:35","guid":{"rendered":"http:\/\/www.nsu-nebenklage.de\/tr\/?p=1370"},"modified":"2017-07-01T22:44:35","modified_gmt":"2017-07-01T20:44:35","slug":"21-06-2017","status":"publish","type":"post","link":"https:\/\/www.nsu-nebenklage.de\/tr\/2017\/07\/01\/21-06-2017\/","title":{"rendered":"21.06.2017"},"content":{"rendered":"<h4>Wohlleben&#8217;in savunmas\u0131 \u0131rk\u00e7\u0131 cinayet serisini depolitize etmeye \u00e7al\u0131\u015f\u0131yor<\/h4>\n<p>Bug\u00fcn Wohlleben&#8217;in savunmas\u0131 yine Mundlos ve B\u00f6hnhardt&#8217;la ilgili olarak psikiyatrist bir bilirki\u015fi i\u00e7in vermi\u015f olduklar\u0131 dilek\u00e7e hakk\u0131nda konu\u015ftular. Avukat Klemke&#8217;ye g\u00f6re bu dilek\u00e7eyle B\u00f6hnhardt ve Mundlos&#8217;un cinayet motifinin \u201eyabanc\u0131 d\u00fc\u015fmanl\u0131\u011f\u0131\u201c de\u011fil tamamen \u201ecinayet arzusu\u201c oldu\u011fu kan\u0131tlanacakt\u0131. Bu cinayet arzusunun k\u00f6kleri Mundlos ve B\u00f6hnhardt&#8217;\u0131n disosyal ki\u015filik bozuklu\u011fundayd\u0131 ve \u00fc\u00e7\u00fcnc\u00fc ki\u015filer taraf\u0131ndan g\u00f6r\u00fcn\u00fcr de\u011fildi. B\u00f6hnhardt ve Mundlos bu motivasyonu NSU&#8217;nun itiraf videosunda, \u201eyabanc\u0131 nefreti\u201c ile hareket ettiklerine dair verdikleri bilgiyle \u201egizlemi\u015flerdi\u201c.<\/p>\n<p>Savunma bu te\u015febb\u00fcs\u00fcyle tabii ki hukuksal a\u00e7\u0131dan bir ba\u015far\u0131ya ula\u015famayacak \u2013 Federal Sav\u0131l\u0131k k\u0131sa bir cevap vererek \u201edisosyal\u201c su\u00e7lular\u0131n da tabii ki \u0131rk\u00e7\u0131l\u0131k gibi cinayet motifleri geli\u015ftirebileceklerini, bu nedenle bir bilirki\u015fi raporunun mahkemeye bir yarar sa\u011flamayaca\u011f\u0131n\u0131 tespit etti. Bu strateji politik olarak da fayda sa\u011flamayacak. <!--more-->M\u00fcdahil avukat Yavuz Narin&#8217;in belirttikleri tamamen ortada: tam da Klemke&#8217;nin s\u00f6zde psikiyatrik \u201ete\u015fhisini\u201c gerek\u00e7elendirmek i\u00e7in belirtti\u011fi noktalar, yani kurbanlar\u0131n insan olarak g\u00f6r\u00fclmemesi, tamamen empati noksanl\u0131\u011f\u0131 ve \u201ekendini sitilize ve\/veya teorize etme e\u011filimi; Mundlos ve B\u00f6hnhardt&#8217;\u0131n temsilcileri oldu\u011fu ve insan onurunu hi\u00e7e sayan Nasyonal Sosyalist ideolojinin do\u011frudan ifadeleri.<\/p>\n<p>Bu ideoloji ayr\u0131ca, savunman\u0131n iddialar\u0131n\u0131n aksine Wohlleben&#8217;in de hem eskiden hem de bug\u00fcn temsilcisi oldu\u011fu bir ideoloji. 2011 y\u0131l\u0131ndaki bir aramada Wohlleben&#8217;in kald\u0131\u011f\u0131 yerde bulunan ve \u00fcst\u00fcnde Auschwitz&#8217;deki toplama kamp\u0131na giden tren raylar\u0131n\u0131n foto\u011fraf\u0131 ve \u201eDemiryolu Romantizmi\u201c yaz\u0131s\u0131n\u0131n bulundu\u011fu ve Wohlleben&#8217;in g\u00f6r\u00fcnen o ki yatarken giydi\u011fi ti\u015f\u00f6rt bunu g\u00f6steriyordu. Buna ra\u011fmen savunma m\u00fcvekkillerini s\u00fcrekli bar\u0131\u015fsever bir ulusal demokrat olarak g\u00f6stermeye \u00e7al\u0131\u015f\u0131yor.<\/p>\n<p>Ama ayn\u0131 zamanda dilek\u00e7eler ve bildirilen g\u00f6r\u00fc\u015flerde NPD&#8217;nin ve Wohlleben&#8217;in mahkeme salonu d\u0131\u015f\u0131ndaki Nazi silah arkada\u015flar\u0131n\u0131n propagandas\u0131n\u0131 yapmak i\u00e7in hi\u00e7bir f\u0131rsat\u0131 ka\u00e7\u0131rm\u0131yorlar ve bu sayede \u00e7o\u011funlukla tam da bu camian\u0131n onay\u0131n\u0131 g\u00fcvence alt\u0131na ald\u0131klar\u0131ndan eminler. Bug\u00fcn durum farkl\u0131yd\u0131: San\u0131klardan Andr\u00e9 Eminger -ki evinde B\u00f6hnhardt ve Mundlos&#8217;un kendi yapt\u0131\u011f\u0131 ve alt\u0131nda \u201eUnutulmad\u0131\u201c yazan bir resmi as\u0131l\u0131- iki kahraman\u0131n\u0131n apolitikle\u015ftirilmesinden g\u00f6r\u00fcn\u00fcr \u015fekilde rahats\u0131z oldu ve dilek\u00e7e okunurken kollar\u0131n\u0131 kavu\u015fturarak y\u00fcz\u00fcn\u00fc hor g\u00f6ren bir ifadeye b\u00fcr\u00fcd\u00fc.<\/p>\n<p>Per\u015fembe g\u00fcnk\u00fc\u00a0 duru\u015fma ve \u00f6n\u00fcm\u00fczdeki hafta Sal\u0131 ve Per\u015fembe g\u00fcn\u00fc g\u00f6r\u00fclecek olan duru\u015fmalar iptal oldu, davaya 29.06 Per\u015fembe g\u00fcn\u00fc bilirki\u015fi Prof. Sa\u00df&#8217;\u0131n dinlenmesiyle devam edilecek.<\/p>\n<p>&nbsp;<\/p>\n","protected":false},"excerpt":{"rendered":"<p>Wohlleben&#8217;in savunmas\u0131 \u0131rk\u00e7\u0131 cinayet serisini depolitize etmeye \u00e7al\u0131\u015f\u0131yor Bug\u00fcn Wohlleben&#8217;in savunmas\u0131 yine Mundlos ve B\u00f6hnhardt&#8217;la ilgili olarak psikiyatrist bir bilirki\u015fi i\u00e7in vermi\u015f olduklar\u0131 dilek\u00e7e hakk\u0131nda konu\u015ftular. Avukat Klemke&#8217;ye g\u00f6re bu dilek\u00e7eyle B\u00f6hnhardt ve Mundlos&#8217;un cinayet motifinin \u201eyabanc\u0131 d\u00fc\u015fmanl\u0131\u011f\u0131\u201c de\u011fil tamamen \u201ecinayet arzusu\u201c oldu\u011fu kan\u0131tlanacakt\u0131. Bu cinayet arzusunun k\u00f6kleri Mundlos ve B\u00f6hnhardt&#8217;\u0131n disosyal ki\u015filik bozuklu\u011fundayd\u0131 ve [&hellip;]<\/p>\n","protected":false},"author":1,"featured_media":0,"comment_status":"closed","ping_status":"closed","sticky":false,"template":"","format":"standard","meta":{"_s2mail":"yes","footnotes":""},"categories":[1],"tags":[],"class_list":["post-1370","post","type-post","status-publish","format-standard","hentry","category-allgemein"],"_links":{"self":[{"href":"https:\/\/www.nsu-nebenklage.de\/tr\/wp-json\/wp\/v2\/posts\/1370","targetHints":{"allow":["GET"]}}],"collection":[{"href":"https:\/\/www.nsu-nebenklage.de\/tr\/wp-json\/wp\/v2\/posts"}],"about":[{"href":"https:\/\/www.nsu-nebenklage.de\/tr\/wp-json\/wp\/v2\/types\/post"}],"author":[{"embeddable":true,"href":"https:\/\/www.nsu-nebenklage.de\/tr\/wp-json\/wp\/v2\/users\/1"}],"replies":[{"embeddable":true,"href":"https:\/\/www.nsu-nebenklage.de\/tr\/wp-json\/wp\/v2\/comments?post=1370"}],"version-history":[{"count":1,"href":"https:\/\/www.nsu-nebenklage.de\/tr\/wp-json\/wp\/v2\/posts\/1370\/revisions"}],"predecessor-version":[{"id":1371,"href":"https:\/\/www.nsu-nebenklage.de\/tr\/wp-json\/wp\/v2\/posts\/1370\/revisions\/1371"}],"wp:attachment":[{"href":"https:\/\/www.nsu-nebenklage.de\/tr\/wp-json\/wp\/v2\/media?parent=1370"}],"wp:term":[{"taxonomy":"category","embeddable":true,"href":"https:\/\/www.nsu-nebenklage.de\/tr\/wp-json\/wp\/v2\/categories?post=1370"},{"taxonomy":"post_tag","embeddable":true,"href":"https:\/\/www.nsu-nebenklage.de\/tr\/wp-json\/wp\/v2\/tags?post=1370"}],"curies":[{"name":"wp","href":"https:\/\/api.w.org\/{rel}","templated":true}]}}