{"id":1376,"date":"2017-07-06T14:21:45","date_gmt":"2017-07-06T12:21:45","guid":{"rendered":"http:\/\/www.nsu-nebenklage.de\/tr\/?p=1376"},"modified":"2017-07-06T14:21:45","modified_gmt":"2017-07-06T12:21:45","slug":"05-07-2017","status":"publish","type":"post","link":"https:\/\/www.nsu-nebenklage.de\/tr\/2017\/07\/06\/05-07-2017\/","title":{"rendered":"05.07.2017"},"content":{"rendered":"<h4>Hafifletme ve manevra. Ve yar\u0131nki duru\u015fma iptal oldu.<\/h4>\n<p>Bug\u00fcnk\u00fc duru\u015fma yine ilgin\u00e7 bir olay olmadan ge\u00e7ti, ama yine davan\u0131n oda\u011f\u0131n\u0131n fazla dar oldu\u011funu g\u00f6sterdi:<\/p>\n<p>Bir yandan Federal Savc\u0131l\u0131k gizli servisler ve NSU \u00e7evresindeki a\u011f y\u00f6n\u00fcndeki m\u00fcmk\u00fcn olan t\u00fcm ayd\u0131nlatma \u00e7abalar\u0131n\u0131 engelleme \u00e7izgisine sad\u0131k kald\u0131: 1999 y\u0131l\u0131nda \u201cNasyonal Sosyalist Yeralt\u0131 Sava\u015f\u00e7\u0131lar\u0131\u201d isimli bir \u00f6rg\u00fctten bahsetmi\u015f olan, Hessen Anayasay\u0131 Koruma Dairesi&#8217;nden bir muhbirle ilgili bas\u0131nda \u00e7\u0131kan haberlerin ard\u0131ndan bug\u00fcn Yozgat ailesinin avukatlar\u0131 bu olay\u0131 (halen soru\u015fturmas\u0131 s\u00fcren) muhbir y\u00f6neticisinin sorgusu ve dosyalar\u0131n incelenmesi ile daha da ayd\u0131nlatmak i\u00e7in dilek\u00e7e verdiler. Burada bahsedilenin daha sonraki \u201cNasyonal Sosyalist Yeralt\u0131\u201dolabilece\u011fi a\u00e7\u0131k, bu ifadenin dava i\u00e7in \u00f6nemi de. Ancak Ba\u015fsavc\u0131 Weingarten durumu \u00f6yle g\u00f6rm\u00fcyor: Onun i\u00e7in bu b\u00fcy\u00fck isim benzerli\u011finin sadece tesd\u00fcr olabilece\u011fi ve NSU ile ilgili 1999 y\u0131l\u0131ndan muhbir raporlar\u0131n\u0131n dava i\u00e7in zaten bir anlam ta\u015f\u0131mad\u0131\u011f\u0131 gayet a\u00e7\u0131k. <!--more-->Weingarten bildirdi\u011fi g\u00f6r\u00fc\u015f\u00fcn ikna edicilikten uzak olmas\u0131n\u0131 dilek\u00e7e sahiplerine daha da b\u00fcy\u00fck bir k\u00fcstahl\u0131kla kar\u015f\u0131 \u00e7\u0131karak telafi etmeye \u00e7al\u0131\u015ft\u0131. Mahkeme dilek\u00e7e hakk\u0131ndaki karar\u0131n\u0131 hen\u00fcz vermedi. Son aylarda olaylar\u0131n ayd\u0131nlat\u0131lmaya \u00e7al\u0131\u015f\u0131lmas\u0131 konusunda s\u0131k s\u0131k g\u00f6sterdi\u011fi isteksizlik g\u00f6z \u00f6n\u00fcne al\u0131n\u0131rsa bu dilek\u00e7enin de reddedilece\u011finden korkuluyor.<\/p>\n<p>Mahkeme di\u011fer yandan Zsch\u00e4pe&#8217;nin avukat\u0131 Grasel&#8217;in m\u00fcvekkilinin inand\u0131r\u0131c\u0131 olmayan a\u00e7\u0131klamas\u0131ndaki bo\u015fluklar\u0131 ve \u00e7eli\u015fkileri gidrmek i\u00e7in giderek daha da tuhaf bir hal alan \u00e7abalar\u0131yla u\u011fra\u015ft\u0131: Bu sefer de ortadan kaybolan \u00fc\u00e7l\u00fcn\u00fcn Chemnitz&#8217;de kald\u0131\u011f\u0131 ve B\u00f6hnhardt&#8217;\u0131n Probsteigasse&#8217;deki sald\u0131r\u0131da kullan\u0131lan bombay\u0131 haz\u0131rlam\u0131\u015f oldu\u011fu bir ev s\u00f6z konusuydu. Zsch\u00e4pe, bundan haberinin olmad\u0131\u011f\u0131n\u0131 \u00f6ne s\u00fcrm\u00fc\u015ft\u00fc, ne de olsa evde herkesin kendi odas\u0131 vard\u0131. M\u00fcdahil avukat Reinecke bunun \u00fczerine evdeki \u00fc\u00e7 odadan birinin koridor \u015feklinde oldu\u011funu bu nedenle sadece iki odan\u0131n \u015fahsi oda olarak kullanlabilece\u011fini belirtti. Zsch\u00e4pe&#8217;nin -yani Grasel&#8217;in- bununla ilgili a\u00e7\u0131klamas\u0131 \u015fu oldu: Odalardan birine b\u00f6lme duvar yap\u0131lm\u0131\u015ft\u0131. Reinecke bunun \u00fczerine evin sat\u0131\u015f tutana\u011f\u0131nda bir b\u00f6lme duvar ya da bunun kal\u0131nt\u0131lar\u0131yla ilgili hi\u00e7bir bilgi olmad\u0131\u011f\u0131n\u0131 belirtti. Zsch\u00e4pe&#8217;nin -yani Grasel&#8217;in- tepkisi: \u00d6nce suskunluk, ard\u0131ndansa \u201ehafif bir b\u00f6lme duvar\u0131n\u201c s\u00f6z konusu oldu\u011funu iddia etme. Bunu kontrol etmek i\u00e7in bug\u00fcn emlak firmas\u0131n\u0131n evi satm\u0131\u015f olan \u00e7al\u0131\u015fan\u0131 mahkemeye geldi. Ama o da 15 y\u0131l\u0131n ard\u0131ndan bir \u015fey hat\u0131rlayam\u0131yordu, ancak sat\u0131\u015f tutana\u011f\u0131ndaki bilgileri do\u011frulad\u0131. Grasel bug\u00fcn ayr\u0131ca evin bir tasla\u011f\u0131n\u0131 getirdi. Zsch\u00e4pe&#8217;nin kendisi de\u011fil de bilgisayar taraf\u0131ndan haz\u0131rlanm\u0131\u015f oldu\u011fu belli olan taslakta iddia edilen b\u00f6lme duvar \u00e7izilmi\u015fti. Bu duvarla 9 metrekarelik bir oda 4,5 metrekaralik iki odaya d\u00f6n\u00fc\u015ft\u00fcr\u00fclm\u00fc\u015ft\u00fc. Ayr\u0131ca Zsch\u00e4pe&#8217;nin odas\u0131 ne g\u00fcn \u0131\u015f\u0131\u011f\u0131 g\u00f6r\u00fcyordu ne de bir kaloriferi vard\u0131. M\u00fcdahil davac\u0131lar\u0131n, Zsch\u00e4pe&#8217;nin a\u00e7\u0131klamas\u0131nda verdi\u011fi ve \u00e7o\u011funun do\u011frulu\u011fu kontrol edilemez bilgileri kontrol etme \u00e7abas\u0131 burada yine ba\u015far\u0131l\u0131 oldu ve Zsch\u00e4pe&#8217;nin a\u00e7\u0131klamas\u0131n\u0131n ciddiye al\u0131namayaca\u011f\u0131n\u0131 g\u00f6sterdi.<\/p>\n<p>Ge\u00e7ti\u011fimiz hafta verilen reddi hakim dilek\u00e7esi hakk\u0131nda hen\u00fcz karar verilmedi\u011finden mahkemenin yar\u0131nki duru\u015fmay\u0131 iptal etmekten ba\u015fka bir olana\u011f\u0131 kalmad\u0131. Duru\u015fmaya \u00f6n\u00fcm\u00fczdeki Sal\u0131 g\u00fcn\u00fc devam edilecek, \u00f6n\u00fcm\u00fczdeki hafta i\u00e7in \u00f6ng\u00f6r\u00fclen belli bir program yok.<\/p>\n<p>&nbsp;<\/p>\n","protected":false},"excerpt":{"rendered":"<p>Hafifletme ve manevra. Ve yar\u0131nki duru\u015fma iptal oldu. Bug\u00fcnk\u00fc duru\u015fma yine ilgin\u00e7 bir olay olmadan ge\u00e7ti, ama yine davan\u0131n oda\u011f\u0131n\u0131n fazla dar oldu\u011funu g\u00f6sterdi: Bir yandan Federal Savc\u0131l\u0131k gizli servisler ve NSU \u00e7evresindeki a\u011f y\u00f6n\u00fcndeki m\u00fcmk\u00fcn olan t\u00fcm ayd\u0131nlatma \u00e7abalar\u0131n\u0131 engelleme \u00e7izgisine sad\u0131k kald\u0131: 1999 y\u0131l\u0131nda \u201cNasyonal Sosyalist Yeralt\u0131 Sava\u015f\u00e7\u0131lar\u0131\u201d isimli bir \u00f6rg\u00fctten bahsetmi\u015f olan, [&hellip;]<\/p>\n","protected":false},"author":1,"featured_media":0,"comment_status":"closed","ping_status":"closed","sticky":false,"template":"","format":"standard","meta":{"_s2mail":"yes","footnotes":""},"categories":[1],"tags":[],"class_list":["post-1376","post","type-post","status-publish","format-standard","hentry","category-allgemein"],"_links":{"self":[{"href":"https:\/\/www.nsu-nebenklage.de\/tr\/wp-json\/wp\/v2\/posts\/1376","targetHints":{"allow":["GET"]}}],"collection":[{"href":"https:\/\/www.nsu-nebenklage.de\/tr\/wp-json\/wp\/v2\/posts"}],"about":[{"href":"https:\/\/www.nsu-nebenklage.de\/tr\/wp-json\/wp\/v2\/types\/post"}],"author":[{"embeddable":true,"href":"https:\/\/www.nsu-nebenklage.de\/tr\/wp-json\/wp\/v2\/users\/1"}],"replies":[{"embeddable":true,"href":"https:\/\/www.nsu-nebenklage.de\/tr\/wp-json\/wp\/v2\/comments?post=1376"}],"version-history":[{"count":1,"href":"https:\/\/www.nsu-nebenklage.de\/tr\/wp-json\/wp\/v2\/posts\/1376\/revisions"}],"predecessor-version":[{"id":1377,"href":"https:\/\/www.nsu-nebenklage.de\/tr\/wp-json\/wp\/v2\/posts\/1376\/revisions\/1377"}],"wp:attachment":[{"href":"https:\/\/www.nsu-nebenklage.de\/tr\/wp-json\/wp\/v2\/media?parent=1376"}],"wp:term":[{"taxonomy":"category","embeddable":true,"href":"https:\/\/www.nsu-nebenklage.de\/tr\/wp-json\/wp\/v2\/categories?post=1376"},{"taxonomy":"post_tag","embeddable":true,"href":"https:\/\/www.nsu-nebenklage.de\/tr\/wp-json\/wp\/v2\/tags?post=1376"}],"curies":[{"name":"wp","href":"https:\/\/api.w.org\/{rel}","templated":true}]}}