{"id":1388,"date":"2017-07-26T13:51:42","date_gmt":"2017-07-26T11:51:42","guid":{"rendered":"http:\/\/www.nsu-nebenklage.de\/tr\/?p=1388"},"modified":"2017-07-26T13:51:42","modified_gmt":"2017-07-26T11:51:42","slug":"25-07-2017","status":"publish","type":"post","link":"https:\/\/www.nsu-nebenklage.de\/tr\/2017\/07\/26\/25-07-2017\/","title":{"rendered":"25.07.2017"},"content":{"rendered":"<h4>Federal Savc\u0131l\u0131k son kez s\u00f6z ald\u0131: \u201e\u0130zin verilmeyen \u015feylerin yap\u0131lmas\u0131 m\u00fcmk\u00fcn olmad\u0131\u011f\u0131 i\u00e7in\u201c<\/h4>\n<h4>Ve bug\u00fcnk\u00fc son konu\u015fman\u0131n eksiksiz belgesi<\/h4>\n<p>Bug\u00fcnk\u00fc duru\u015fma beklendi\u011fi gibi ba\u015flad\u0131 ve ard\u0131ndan olduk\u00e7a \u015fa\u015f\u0131rt\u0131c\u0131 \u015fekilde Federal Savc\u0131l\u0131\u011f\u0131n son konu\u015fmas\u0131na ba\u015fland\u0131. Heyet, ilk olarak Federal Ba\u015favc\u0131l\u0131\u011f\u0131n son konu\u015fmas\u0131n\u0131n kaydedilmeyece\u011fini veya normalde mahkemede te\u015fvik edildi\u011fi \u00fczere herhangi bir \u015fekilde tutanak alt\u0131na al\u0131nmayaca\u011f\u0131n\u0131 duyurdu. Savunma uzunca bir ara verilmesini talep etti ama daha sonra dilek\u00e7e vermedi. Belli ki yeni bir anlams\u0131z red dilek\u00e7esi vermektenvvazge\u00e7ti ve bunun yerine yaz tatilinde Federal Ba\u015fsavc\u0131l\u0131\u011f\u0131n arg\u00fcmanlar\u0131na verece\u011fi kar\u015f\u0131l\u0131\u011fa haz\u0131rlanman\u0131n avantaj\u0131n\u0131 tercih etti.<\/p>\n<p><!--more-->Bunun ard\u0131ndan ilk olarak Federal Savc\u0131 Dr. Diemer son konu\u015fma i\u00e7in s\u00f6z ald\u0131 ve daha ilk dakikalarda Federal Yarg\u0131taydaki iki ba\u015fsavc\u0131s\u0131n\u0131n, Greger ve Weingarten&#8217;\u0131n ayr\u0131nt\u0131l\u0131 a\u00e7\u0131klamalar\u0131 i\u00e7in a\u00e7\u0131k \u015fekilde ay\u0131rm\u0131\u015f oldu\u011fu hukuki ve politik alan\u0131n s\u0131n\u0131rlar\u0131n\u0131 \u00e7izdi. Bug\u00fcn ba\u015flayan konu\u015fman\u0131n esaslar\u0131 Diemer&#8217;den yap\u0131lan a\u015fa\u011f\u0131daki al\u0131nt\u0131larla \u00f6zetlenebilir:<\/p>\n<p>\u2022 Devlet makamlar\u0131ndan yetkililerin olaylara cezay\u0131 gerektirici bir \u015fekilde kar\u0131\u015fm\u0131\u015f olduklar\u0131na dair bir dayanak yok. Bu dayanaklar bulunsayd\u0131 kanunlar\u0131n \u00f6ng\u00f6rd\u00fc\u011f\u00fc \u015fekilde a\u00e7\u0131kl\u0131\u011fa kavu\u015fturulurlard\u0131.<\/p>\n<p>\u2022 Daha geni\u015f bir destek\u00e7i \u00e7evresinin soru\u015fturulmas\u0131, ilgili dayanaklar\u0131n mevcudiyetinde ba\u015fka soru\u015fturmalar\u0131n g\u00f6revidir. Bu, bu davan\u0131n g\u00f6revi de\u011fildir, \u00e7\u00fcnk\u00fc dava konusu iddianemede belirtilen su\u00e7larla \u00f6nceden belirtilmi\u015fti.<\/p>\n<p>\u2022 Aksini iddia etmek kurbanlar\u0131 ve halk\u0131 tedirgin eder.<\/p>\n<p>\u2022 Kapsaml\u0131 deliller, Federal Ba\u015fsavc\u0131l\u0131\u011f\u0131n iddianamesini t\u00fcm be\u015f san\u0131k a\u00e7\u0131s\u0131ndan t\u00fcn noktalarda hem objektif hem de subjektif olarak do\u011frulam\u0131\u015ft\u0131r.<\/p>\n<p>&nbsp;<\/p>\n<p>Bununla birlikte Federal Ba\u015fsavc\u0131l\u0131\u011f\u0131n toplanan delillerin kendi iddianame hipotezinden farkl\u0131 olan t\u00fcm sonu\u00e7lar\u0131n\u0131 g\u00f6rmezden geldi\u011fi ve daha 2012 y\u0131l\u0131n\u0131n ba\u015f\u0131nda belirlenen ve NSU&#8217;nun sadece B\u00f6hnhardt, Mundlos ve Zsch\u00e4pe&#8217;den olu\u015fup izole \u015fekilde hareket etti\u011fine ve destek\u00e7ilerinin sadece arkada\u015fl\u0131k ba\u011f\u0131yla davrand\u0131klar\u0131na y\u00f6nelik \u00e7izgiye kat\u0131 bir \u015fekilde ba\u011fl\u0131 kald\u0131\u011f\u0131 daha \u015fimdiden belli oldu.<\/p>\n<p>Diemer iddianamenin do\u011fruland\u0131\u011f\u0131n\u0131, bu nedenle iddianameye uygun bir h\u00fck\u00fcm verilmesini talep etti\u011fini a\u00e7\u0131klad\u0131.<\/p>\n<p>Diemer cinayetlerin ard\u0131ndaki motivasyonla ilgili olarak \u015fu a\u00e7\u0131klamada bulundu:<\/p>\n<p>Enver \u015eim\u015fek, Abdurrahim \u00d6z\u00fcdo\u011fru, S\u00fcleyman Ta\u015fk\u00f6pr\u00fc, Habil K\u0131l\u0131\u00e7, Yunus Turgut, \u0130smail Ya\u015far, Theodoros Boulgarides, Mehmet Kuba\u015f\u0131k ve Halit Yozgat [&#8230;] Beate Zsch\u00e4pe ve su\u00e7 ortaklar\u0131 taraf\u0131ndan yabanc\u0131 uyruklu olduklar\u0131 ve katillerin g\u00f6z\u00fcnde Almanya&#8217;da bir yerleri olmad\u0131\u011f\u0131 nedeniyle infaz edildiler. Ba\u015fkalar\u0131n\u0131 Almanya&#8217;ya gelmekten cayd\u0131rmak i\u00e7in, yabanc\u0131 uyrukl\u0131 vatanda\u015flar\u0131 Almanya&#8217;y\u0131 terk etmeye te\u015fvik etmek i\u00e7in. Bu insanlar su\u00e7bilimsel veya sosyolojik bir sicil nedeniyle kurban olmad\u0131lar. Kurbanlar\u0131n se\u00e7imini belirleyen sadece buydu [\u2026], ba\u015fka bir \u015fey de\u011fildi.<\/p>\n<p>Diemer, kurbanlar ve yak\u0131nlar\u0131 i\u00e7in \u00e7ok \u00f6nemli olan bu a\u00e7\u0131klamada bile kendini, mekansal durumlar\u0131n ve di\u011fer su\u00e7lu veya destek\u00e7ilerin mekanlarla ilgili bilgisinin kurbanlar\u0131n se\u00e7iminde bir rol oynayabilece\u011fini (vakalar\u0131n \u00e7o\u011funda \u00e7ok akla yatk\u0131n g\u00f6r\u00fcnd\u00fc\u011f\u00fc \u015fekilde) ihtimal dahilinde g\u00f6rmedi\u011fini belirtmek zorunda hissetti.<\/p>\n<p>Bunun ard\u0131ndan Federal Mahkeme&#8217;de ba\u015fsavc\u0131 olan Greger Beate Zsch\u00e4pe&#8217;nin cezai sorumlulu\u011fuyla ilgili a\u00e7\u0131klamalar\u0131na ba\u015flad\u0131. Meslekta\u015f\u0131 Weingarten konu\u015fman\u0131n devam\u0131nda di\u011fer d\u00f6rt san\u0131kla ilgili a\u00e7\u0131klamalarda bulunacak.<\/p>\n<p>Greger Diemer&#8217;in talimatlar\u0131na a\u00e7\u0131k\u00e7a ba\u011fl\u0131 kald\u0131. \u0130lk olarak Beate Zsch\u00e4pe&#8217;nin, nasyonal sosyalist ve \u0131rk\u00e7\u0131 d\u00fcnya g\u00f6r\u00fc\u015f\u00fcn\u00fc ve kendi pozisyonunun \u015fiddet kullanarak kabul ettirmekteki sorumlulu\u011funu a\u00e7\u0131klayan ama bu a\u00e7\u0131klamay\u0131 ayn\u0131 zamanda san\u0131\u011f\u0131n i\u00e7inde hareket etti\u011fi politik ba\u011flamlar\u0131n d\u0131\u015f\u0131na oturtan bir portresini \u00e7izdi. Bu \u015fekilde Zsch\u00e4pe&#8217;nin ifadeleri, hangi grupla\u015fmalar i\u00e7erisinde bu ki\u015filerle birikte \u00e7al\u0131\u015ft\u0131\u011f\u0131 a\u00e7\u0131klanmadan belirtildi; \u00e7\u015fitli delil sonu\u00e7lar\u0131 bir ilgilerinin oldu\u011fu belirtilmeden yanyana konuldu. Greger bu \u015fekilde sadece B\u00f6hnhardt ve Mundlos ile birlikte (tek ba\u015flar\u0131na) radikalle\u015fen \u2013 bunun ger\u00e7ekle\u015fti\u011fi politik grup ve a\u011flar\u0131n bu radikalle\u015fmeyle bir ilgileri yokmu\u015f gibi \u2013 bir ki\u015fi portresini \u00e7izdi. Greger bu nedenle muhbir Thilo Brandt ve onun ba\u015f\u0131nda oldu\u011fu Th\u00fcringen Vatan Koruma&#8217;n\u0131n da Zsch\u00e4pe \u00fczerinde pek bir etkisi olmad\u0131\u011f\u0131n\u0131 onaylad\u0131. B\u00f6ylece Jena Silah Arkada\u015fl\u0131\u011f\u0131&#8217;n\u0131n Th\u00fcringen Vatan Koruma&#8217;n\u0131n bir par\u00e7as\u0131 olarak kuruldu\u011fu ve Brandt taraf\u0131ndan ideolojik hale getirildi\u011fi tamamen g\u00f6rmezden gelinmi\u015f oldu. Greger, NSU&#8217;nun Chemnitz&#8217;de izlerini kaybettirmelerinin ard\u0131ndan kurulmu\u015f oldu\u011funu ve orada 1998 y\u0131l\u0131n\u0131n Aral\u0131k ay\u0131nda ger\u00e7ekle\u015ftirilen soygun sald\u0131r\u0131s\u0131n\u0131n NSU&#8217;nun ilk eylemi oldu\u011funu anlatt\u0131 ve ard\u0131ndan bunun Zsch\u00e4pe, B\u00f6hnhardt ve Mundlos&#8217;un Blood and Honour Saksonya grubu taraf\u0131ndan sadece finansal olarak desteklenmekle kalmay\u0131p onlarla s\u0131k\u0131 bir i\u015fbirli\u011fi ve g\u00f6r\u00fc\u015f al\u0131\u015fveri\u015fi i\u00e7inde de oldu\u011fu s\u0131rada ger\u00e7ekle\u015fmi\u015f oldu\u011funa de\u011finmedi. Olay yerindeki tan\u0131klar\u0131n \u00fc\u00e7 su\u00e7lu g\u00f6rm\u00fc\u015f olmas\u0131ndan da hi\u00e7 bahsetmedi ki bu destek\u00e7ilerden birinin i\u015flenen su\u00e7lara ortak oldu\u011funu akla yatk\u0131n k\u0131l\u0131yor. Federal Ba\u015fsavc\u0131l\u0131\u011f\u0131n tezi yani daha bu noktada delillerin sonu\u00e7lar\u0131yla elle tutulur \u015fekilde \u00e7eli\u015fiyor.<\/p>\n<p>Greger&#8217;in son konu\u015fmas\u0131na \u00f6n\u00fcm\u00fczdeki iki g\u00fcn devam edilecek.<\/p>\n<p>Blogumuzda Federal Ba\u015fsavc\u0131l\u0131\u011f\u0131n son konu\u015fmas\u0131n\u0131n bug\u00fcnk\u00fc i\u00e7eri\u011finini Almanca olarak yay\u0131nlayaca\u011f\u0131z. Bu metin \u00e7ok say\u0131da m\u00fcdahil avukat taraf\u0131ndan ellerinden gelen en iyi \u015fekilde yaz\u0131ld\u0131. Onlara burada \u00e7ok te\u015fekk\u00fcr ediyoruz. Tutanak haz\u0131rlan\u0131r haz\u0131rlanmaz, <a href=\"http:\/\/www.nsu-nebenklage.de\/wp-admin\/post.php?post=1897&amp;action=edit\" target=\"_blank\" rel=\"noopener\">blogumuzda<\/a> yay\u0131nlayacak ve burada linkini verece\u011fiz.<\/p>\n<p>&nbsp;<\/p>\n<p>&nbsp;<\/p>\n<p>&nbsp;<\/p>\n","protected":false},"excerpt":{"rendered":"<p>Federal Savc\u0131l\u0131k son kez s\u00f6z ald\u0131: \u201e\u0130zin verilmeyen \u015feylerin yap\u0131lmas\u0131 m\u00fcmk\u00fcn olmad\u0131\u011f\u0131 i\u00e7in\u201c Ve bug\u00fcnk\u00fc son konu\u015fman\u0131n eksiksiz belgesi Bug\u00fcnk\u00fc duru\u015fma beklendi\u011fi gibi ba\u015flad\u0131 ve ard\u0131ndan olduk\u00e7a \u015fa\u015f\u0131rt\u0131c\u0131 \u015fekilde Federal Savc\u0131l\u0131\u011f\u0131n son konu\u015fmas\u0131na ba\u015fland\u0131. Heyet, ilk olarak Federal Ba\u015favc\u0131l\u0131\u011f\u0131n son konu\u015fmas\u0131n\u0131n kaydedilmeyece\u011fini veya normalde mahkemede te\u015fvik edildi\u011fi \u00fczere herhangi bir \u015fekilde tutanak alt\u0131na al\u0131nmayaca\u011f\u0131n\u0131 duyurdu. [&hellip;]<\/p>\n","protected":false},"author":1,"featured_media":0,"comment_status":"closed","ping_status":"closed","sticky":false,"template":"","format":"standard","meta":{"_s2mail":"yes","footnotes":""},"categories":[1],"tags":[],"class_list":["post-1388","post","type-post","status-publish","format-standard","hentry","category-allgemein"],"_links":{"self":[{"href":"https:\/\/www.nsu-nebenklage.de\/tr\/wp-json\/wp\/v2\/posts\/1388","targetHints":{"allow":["GET"]}}],"collection":[{"href":"https:\/\/www.nsu-nebenklage.de\/tr\/wp-json\/wp\/v2\/posts"}],"about":[{"href":"https:\/\/www.nsu-nebenklage.de\/tr\/wp-json\/wp\/v2\/types\/post"}],"author":[{"embeddable":true,"href":"https:\/\/www.nsu-nebenklage.de\/tr\/wp-json\/wp\/v2\/users\/1"}],"replies":[{"embeddable":true,"href":"https:\/\/www.nsu-nebenklage.de\/tr\/wp-json\/wp\/v2\/comments?post=1388"}],"version-history":[{"count":1,"href":"https:\/\/www.nsu-nebenklage.de\/tr\/wp-json\/wp\/v2\/posts\/1388\/revisions"}],"predecessor-version":[{"id":1389,"href":"https:\/\/www.nsu-nebenklage.de\/tr\/wp-json\/wp\/v2\/posts\/1388\/revisions\/1389"}],"wp:attachment":[{"href":"https:\/\/www.nsu-nebenklage.de\/tr\/wp-json\/wp\/v2\/media?parent=1388"}],"wp:term":[{"taxonomy":"category","embeddable":true,"href":"https:\/\/www.nsu-nebenklage.de\/tr\/wp-json\/wp\/v2\/categories?post=1388"},{"taxonomy":"post_tag","embeddable":true,"href":"https:\/\/www.nsu-nebenklage.de\/tr\/wp-json\/wp\/v2\/tags?post=1388"}],"curies":[{"name":"wp","href":"https:\/\/api.w.org\/{rel}","templated":true}]}}