{"id":1418,"date":"2017-09-18T21:07:52","date_gmt":"2017-09-18T19:07:52","guid":{"rendered":"http:\/\/www.nsu-nebenklage.de\/tr\/?p=1418"},"modified":"2017-09-18T21:07:52","modified_gmt":"2017-09-18T19:07:52","slug":"18-09-2017","status":"publish","type":"post","link":"https:\/\/www.nsu-nebenklage.de\/tr\/2017\/09\/18\/18-09-2017\/","title":{"rendered":"18.09.2017"},"content":{"rendered":"<h4>20.09 \u00c7ar\u015famba ve 21.09 Per\u015fembe g\u00fcn\u00fc ger\u00e7ekle\u015fecek olan duru\u015fmalar<br \/>\niptal oldu<\/h4>\n<p>M\u00fcnih Eyalet Y\u00fcksek Mahkemesi, iki reddi hakim dilek\u00e7esi daha verilmesi\u00a0nedeniyle 20 ve 21 Eyl\u00fcl tarihlerinde ger\u00e7ekle\u015fecek olan duru\u015fmalar\u0131n\u00a0iptal edildi\u011fini duyurdu.<\/p>\n<p>Esas duru\u015fmaya 26. Eyl\u00fcl 2017 g\u00fcn\u00fc, saat 09:30&#8217;da devam edilecek.\u00a0M\u00fcdahil davac\u0131lar m\u00fctalaalar\u0131na o zaman ba\u015flayabilecekler mi hen\u00fcz\u00a0bilinmiyor.<\/p>\n","protected":false},"excerpt":{"rendered":"<p>20.09 \u00c7ar\u015famba ve 21.09 Per\u015fembe g\u00fcn\u00fc ger\u00e7ekle\u015fecek olan duru\u015fmalar iptal oldu M\u00fcnih Eyalet Y\u00fcksek Mahkemesi, iki reddi hakim dilek\u00e7esi daha verilmesi\u00a0nedeniyle 20 ve 21 Eyl\u00fcl tarihlerinde ger\u00e7ekle\u015fecek olan duru\u015fmalar\u0131n\u00a0iptal edildi\u011fini duyurdu. Esas duru\u015fmaya 26. Eyl\u00fcl 2017 g\u00fcn\u00fc, saat 09:30&#8217;da devam edilecek.\u00a0M\u00fcdahil davac\u0131lar m\u00fctalaalar\u0131na o zaman ba\u015flayabilecekler mi hen\u00fcz\u00a0bilinmiyor.<\/p>\n","protected":false},"author":1,"featured_media":0,"comment_status":"closed","ping_status":"closed","sticky":false,"template":"","format":"standard","meta":{"_s2mail":"yes","footnotes":""},"categories":[1],"tags":[],"class_list":["post-1418","post","type-post","status-publish","format-standard","hentry","category-allgemein"],"_links":{"self":[{"href":"https:\/\/www.nsu-nebenklage.de\/tr\/wp-json\/wp\/v2\/posts\/1418","targetHints":{"allow":["GET"]}}],"collection":[{"href":"https:\/\/www.nsu-nebenklage.de\/tr\/wp-json\/wp\/v2\/posts"}],"about":[{"href":"https:\/\/www.nsu-nebenklage.de\/tr\/wp-json\/wp\/v2\/types\/post"}],"author":[{"embeddable":true,"href":"https:\/\/www.nsu-nebenklage.de\/tr\/wp-json\/wp\/v2\/users\/1"}],"replies":[{"embeddable":true,"href":"https:\/\/www.nsu-nebenklage.de\/tr\/wp-json\/wp\/v2\/comments?post=1418"}],"version-history":[{"count":1,"href":"https:\/\/www.nsu-nebenklage.de\/tr\/wp-json\/wp\/v2\/posts\/1418\/revisions"}],"predecessor-version":[{"id":1419,"href":"https:\/\/www.nsu-nebenklage.de\/tr\/wp-json\/wp\/v2\/posts\/1418\/revisions\/1419"}],"wp:attachment":[{"href":"https:\/\/www.nsu-nebenklage.de\/tr\/wp-json\/wp\/v2\/media?parent=1418"}],"wp:term":[{"taxonomy":"category","embeddable":true,"href":"https:\/\/www.nsu-nebenklage.de\/tr\/wp-json\/wp\/v2\/categories?post=1418"},{"taxonomy":"post_tag","embeddable":true,"href":"https:\/\/www.nsu-nebenklage.de\/tr\/wp-json\/wp\/v2\/tags?post=1418"}],"curies":[{"name":"wp","href":"https:\/\/api.w.org\/{rel}","templated":true}]}}