{"id":1426,"date":"2017-10-27T13:52:44","date_gmt":"2017-10-27T11:52:44","guid":{"rendered":"http:\/\/www.nsu-nebenklage.de\/tr\/?p=1426"},"modified":"2017-10-27T13:52:44","modified_gmt":"2017-10-27T11:52:44","slug":"24-10-2017","status":"publish","type":"post","link":"https:\/\/www.nsu-nebenklage.de\/tr\/2017\/10\/27\/24-10-2017\/","title":{"rendered":"24.10.2017"},"content":{"rendered":"<h4>Gecikmelere devam<\/h4>\n<p>Mahkeme ba\u015fkan\u0131, doktor randevusu nedeniyle ancak saat 13&#8217;te ba\u015flayabilen duru\u015fma g\u00fcn\u00fcn\u00fcn ba\u015flang\u0131c\u0131nda Eminger&#8217;in savunmas\u0131n\u0131n vermi\u015f oldu\u011fu dilek\u00e7elerin bu arada reddedilmi\u015f oldu\u011funu duyurdu. Savunma buna \u015fa\u015f\u0131rd\u0131, sinirlendi ve \u00e7e\u015fitli aralar verilmesini talep etti. Bunlar aras\u0131nda Eminger&#8217;in cezaevinde verilen iki karar\u0131 okuyabilmesi i\u00e7in -savunmas\u0131 bunlar\u0131 mahkeme salonunda okuyabilmesinin m\u00fcmk\u00fcn olmad\u0131\u011f\u0131n\u0131 \u00f6ne s\u00fcrd\u00fc- \u201certesi sabah erken saatlere\u201d kadar verilmesi istenen ara da vard\u0131. Mahkeme ba\u015fkan\u0131 duru\u015fmay\u0131 saat 16&#8217;ya do\u011fru sonland\u0131rd\u0131.<\/p>\n<p><!--more-->Bu arada mahkeme bir kez daha k\u0131saca delillere de\u011findi ve Maik Eminger&#8217;in evinde 30.11.2011 tarihinde ger\u00e7ekle\u015ftirilen ve Andr\u00e9 Eminger&#8217;in de tesad\u00fcfen orada bulundu\u011fu araman\u0131n raporunu okudu. Polis, Eminger&#8217;in yatt\u0131\u011f\u0131 yerin alt\u0131nda i\u00e7inde 3835 avro bulunan (ve \u00e7ok say\u0131da 5 avroluk banknotlar ve birka\u00e7 200 ve 500 avroluk banknotlardan olu\u015fan) bir torba bulmu\u015ftu. Banknotlar\u0131n bu \u015fekilde ayr\u0131lmas\u0131na\u00a0 g\u00fcndelik hayatta de\u011fil de daha \u00e7ok banka soygunlar\u0131nda ele ge\u00e7irilen paralarda rastlan\u0131yor.<\/p>\n<p>Giderek daha da anla\u015f\u0131lmas\u0131 zor bir hal alan reddi hakim dilek\u00e7eleri nihayet sonlanacak ve yar\u0131n m\u00fcdahil davac\u0131lar\u0131n m\u00fctalaalar\u0131na ba\u015flanabilecek mi, yoksa Eminger&#8217;in savunmas\u0131 yar\u0131n bir reddi hakim dilek\u00e7esi daha verecek mi g\u00f6rece\u011fiz. Bu \u00e7ok say\u0131daki dilek\u00e7eye y\u00f6nelik teker teker a\u00e7\u0131klamalar\u0131 burada gerekli g\u00f6rm\u00fcyoruz \u00e7\u00fcnk\u00fc meslekta\u015f\u0131m\u0131z Reinecke&#8217;nin g\u00f6r\u00fc\u015f\u00fcn\u00fc payla\u015f\u0131yoruz: Bu dilek\u00e7elerden hi\u00e7birinin k\u0131smen bile olsa gerek\u00e7esi yok, sadece Eminger&#8217;in savunmas\u0131n\u0131n d\u00f6rt bu\u00e7uk sene boyunca izlemekle yetindi\u011fi davay\u0131 durdurma ya da en iyi ihtimald \u201cpatlamas\u0131n\u0131\u201d sa\u011flamaya y\u00f6nelik bir \u00e7aba s\u00f6z konusu.<\/p>\n<p>Bu \u00e7aba genel olarak ba\u015far\u0131ya u\u011frayamayacak, ancak \u015fu anki durum haftalardan bu yana nihayet NSU kompleksiyle ilgili olarak kendi g\u00f6r\u00fc\u015flerini dile getirebilmeyi bekleyen m\u00fcdahil dava avukatlar\u0131 ve \u00f6zellikle de m\u00fcdahil davac\u0131lar\u0131n kendileri i\u00e7in haliyle katlanmas\u0131 \u00e7ok g\u00fc\u00e7 bir durum.<\/p>\n<p>&nbsp;<\/p>\n","protected":false},"excerpt":{"rendered":"<p>Gecikmelere devam Mahkeme ba\u015fkan\u0131, doktor randevusu nedeniyle ancak saat 13&#8217;te ba\u015flayabilen duru\u015fma g\u00fcn\u00fcn\u00fcn ba\u015flang\u0131c\u0131nda Eminger&#8217;in savunmas\u0131n\u0131n vermi\u015f oldu\u011fu dilek\u00e7elerin bu arada reddedilmi\u015f oldu\u011funu duyurdu. Savunma buna \u015fa\u015f\u0131rd\u0131, sinirlendi ve \u00e7e\u015fitli aralar verilmesini talep etti. Bunlar aras\u0131nda Eminger&#8217;in cezaevinde verilen iki karar\u0131 okuyabilmesi i\u00e7in -savunmas\u0131 bunlar\u0131 mahkeme salonunda okuyabilmesinin m\u00fcmk\u00fcn olmad\u0131\u011f\u0131n\u0131 \u00f6ne s\u00fcrd\u00fc- \u201certesi sabah erken [&hellip;]<\/p>\n","protected":false},"author":1,"featured_media":0,"comment_status":"closed","ping_status":"closed","sticky":false,"template":"","format":"standard","meta":{"_s2mail":"yes","footnotes":""},"categories":[1],"tags":[],"class_list":["post-1426","post","type-post","status-publish","format-standard","hentry","category-allgemein"],"_links":{"self":[{"href":"https:\/\/www.nsu-nebenklage.de\/tr\/wp-json\/wp\/v2\/posts\/1426","targetHints":{"allow":["GET"]}}],"collection":[{"href":"https:\/\/www.nsu-nebenklage.de\/tr\/wp-json\/wp\/v2\/posts"}],"about":[{"href":"https:\/\/www.nsu-nebenklage.de\/tr\/wp-json\/wp\/v2\/types\/post"}],"author":[{"embeddable":true,"href":"https:\/\/www.nsu-nebenklage.de\/tr\/wp-json\/wp\/v2\/users\/1"}],"replies":[{"embeddable":true,"href":"https:\/\/www.nsu-nebenklage.de\/tr\/wp-json\/wp\/v2\/comments?post=1426"}],"version-history":[{"count":1,"href":"https:\/\/www.nsu-nebenklage.de\/tr\/wp-json\/wp\/v2\/posts\/1426\/revisions"}],"predecessor-version":[{"id":1427,"href":"https:\/\/www.nsu-nebenklage.de\/tr\/wp-json\/wp\/v2\/posts\/1426\/revisions\/1427"}],"wp:attachment":[{"href":"https:\/\/www.nsu-nebenklage.de\/tr\/wp-json\/wp\/v2\/media?parent=1426"}],"wp:term":[{"taxonomy":"category","embeddable":true,"href":"https:\/\/www.nsu-nebenklage.de\/tr\/wp-json\/wp\/v2\/categories?post=1426"},{"taxonomy":"post_tag","embeddable":true,"href":"https:\/\/www.nsu-nebenklage.de\/tr\/wp-json\/wp\/v2\/tags?post=1426"}],"curies":[{"name":"wp","href":"https:\/\/api.w.org\/{rel}","templated":true}]}}