{"id":1428,"date":"2017-10-27T14:01:16","date_gmt":"2017-10-27T12:01:16","guid":{"rendered":"http:\/\/www.nsu-nebenklage.de\/tr\/?p=1428"},"modified":"2017-10-27T14:01:16","modified_gmt":"2017-10-27T12:01:16","slug":"25-10-2017","status":"publish","type":"post","link":"https:\/\/www.nsu-nebenklage.de\/tr\/2017\/10\/27\/25-10-2017\/","title":{"rendered":"25.10.2017"},"content":{"rendered":"<h4>Reddi hakim dilek\u00e7elerine devam \u2013 yar\u0131n duru\u015fma yok<\/h4>\n<p>Eminger&#8217;in savunmas\u0131 korkuldu\u011fu gibi reddi hakim dilek\u00e7eleri vermeye devam ediyor. Savunma bu sefer son reddi hakim dilek\u00e7esinin gereksiz oldu\u011funu a\u00e7\u0131klayan iki hakimi tarafl\u0131l\u0131k nedeniyle reddediyor. Dilek\u00e7e bu ak\u015fam yaz\u0131l\u0131 olarak verilecek.<\/p>\n<p>Ceza Muhakemeleri Kanunu, hakk\u0131nda karar verilmemi\u015f bir red dilek\u00e7esi bulundu\u011funda duru\u015fmaya devam edilmesini yasaklad\u0131\u011f\u0131ndan yar\u0131nki duru\u015fma iptal oldu. Davaya 9.11.2017 Per\u015fembe g\u00fcn\u00fc devam edilecek.<\/p>\n<p><!--more-->Bu arada m\u00fcdahil avukat Eberhard Reinecke, Jena&#8217;da NSU \u00fcyelerinin i\u00e7erisinde bir bomba imalathanesi de kurmu\u015f olduklar\u0131 garaj\u0131n kiralanmas\u0131yla ilgili k\u0131sa bir delil tespiti dilek\u00e7esi verdi. Zsch\u00e4pe a\u00e7\u0131klamas\u0131nda garaj\u0131, Uwe B\u00f6hnhardt&#8217;\u0131n bunun k\u0131sa s\u00fcre \u00f6ncesinde bitirmi\u015f oldu\u011fu ili\u015fkilerini yeniden canland\u0131rmak i\u00e7in tamamen tek ba\u015f\u0131na kiralam\u0131\u015f oldu\u011funu belirtmi\u015fti. Garaj\u0131 kiraya veren ki\u015finin tan\u0131k olarak vermi\u015f oldu\u011fu bilgilere g\u00f6re ise Zsch\u00e4pe&#8217;ye daha ilk ziyaretinde erkek arkada\u015f\u0131 oldu\u011funu s\u00f6yleyen bir adam e\u015flik etmi\u015fti. Mahkeme dilek\u00e7e konusunda hen\u00fcz karar vermedi. Federal Savc\u0131l\u0131k dilek\u00e7enin reddedilmesini talep etti ve dilek\u00e7e sahibini \u201cdavay\u0131 s\u00fcr\u00fcncemede b\u0131rakma niyeti\u201d ile su\u00e7lad\u0131. Bu su\u00e7lama, davan\u0131n savunma taraf\u0131ndan aylard\u0131r fel\u00e7 ediledi\u011fi g\u00f6z \u00f6n\u00fcne al\u0131nd\u0131\u011f\u0131nda abs\u00fcrd ka\u00e7\u0131yor.<\/p>\n","protected":false},"excerpt":{"rendered":"<p>Reddi hakim dilek\u00e7elerine devam \u2013 yar\u0131n duru\u015fma yok Eminger&#8217;in savunmas\u0131 korkuldu\u011fu gibi reddi hakim dilek\u00e7eleri vermeye devam ediyor. Savunma bu sefer son reddi hakim dilek\u00e7esinin gereksiz oldu\u011funu a\u00e7\u0131klayan iki hakimi tarafl\u0131l\u0131k nedeniyle reddediyor. Dilek\u00e7e bu ak\u015fam yaz\u0131l\u0131 olarak verilecek. Ceza Muhakemeleri Kanunu, hakk\u0131nda karar verilmemi\u015f bir red dilek\u00e7esi bulundu\u011funda duru\u015fmaya devam edilmesini yasaklad\u0131\u011f\u0131ndan yar\u0131nki duru\u015fma [&hellip;]<\/p>\n","protected":false},"author":1,"featured_media":0,"comment_status":"closed","ping_status":"closed","sticky":false,"template":"","format":"standard","meta":{"_s2mail":"yes","footnotes":""},"categories":[1],"tags":[],"class_list":["post-1428","post","type-post","status-publish","format-standard","hentry","category-allgemein"],"_links":{"self":[{"href":"https:\/\/www.nsu-nebenklage.de\/tr\/wp-json\/wp\/v2\/posts\/1428","targetHints":{"allow":["GET"]}}],"collection":[{"href":"https:\/\/www.nsu-nebenklage.de\/tr\/wp-json\/wp\/v2\/posts"}],"about":[{"href":"https:\/\/www.nsu-nebenklage.de\/tr\/wp-json\/wp\/v2\/types\/post"}],"author":[{"embeddable":true,"href":"https:\/\/www.nsu-nebenklage.de\/tr\/wp-json\/wp\/v2\/users\/1"}],"replies":[{"embeddable":true,"href":"https:\/\/www.nsu-nebenklage.de\/tr\/wp-json\/wp\/v2\/comments?post=1428"}],"version-history":[{"count":1,"href":"https:\/\/www.nsu-nebenklage.de\/tr\/wp-json\/wp\/v2\/posts\/1428\/revisions"}],"predecessor-version":[{"id":1429,"href":"https:\/\/www.nsu-nebenklage.de\/tr\/wp-json\/wp\/v2\/posts\/1428\/revisions\/1429"}],"wp:attachment":[{"href":"https:\/\/www.nsu-nebenklage.de\/tr\/wp-json\/wp\/v2\/media?parent=1428"}],"wp:term":[{"taxonomy":"category","embeddable":true,"href":"https:\/\/www.nsu-nebenklage.de\/tr\/wp-json\/wp\/v2\/categories?post=1428"},{"taxonomy":"post_tag","embeddable":true,"href":"https:\/\/www.nsu-nebenklage.de\/tr\/wp-json\/wp\/v2\/tags?post=1428"}],"curies":[{"name":"wp","href":"https:\/\/api.w.org\/{rel}","templated":true}]}}