{"id":1467,"date":"2017-12-08T00:55:35","date_gmt":"2017-12-07T23:55:35","guid":{"rendered":"http:\/\/www.nsu-nebenklage.de\/tr\/?p=1467"},"modified":"2017-12-11T19:21:24","modified_gmt":"2017-12-11T18:21:24","slug":"05-12-2017","status":"publish","type":"post","link":"https:\/\/www.nsu-nebenklage.de\/tr\/2017\/12\/08\/05-12-2017\/","title":{"rendered":"05.12.2017"},"content":{"rendered":"<h4>M\u00fcdahil davac\u0131lar\u0131n m\u00fctalaaar\u0131na devam<\/h4>\n<p>Bug\u00fcn ilk olarak Antonia von der Behrens m\u00fctalaas\u0131n\u0131 sonland\u0131rd\u0131. M\u00fctalaas\u0131n\u0131n ge\u00e7en haftaki ilk b\u00f6l\u00fcm\u00fcnde sars\u0131c\u0131 say\u0131da tekil olay\u0131 bir araya getirerek iki ana tezini kan\u0131tlayan bir mozaik olu\u015fturmu\u015ftu: NSU&#8217;nun \u00e7evresinde Anayasay\u0131 Koruma Dairesi&#8217;nin muhbirleri, di\u011fer haber kaynaklar\u0131 ve devlet makamlar\u0131n\u0131n olu\u015fturdu\u011fu bir a\u011f mevcuttu ve \u0130\u00e7 \u0130stihbarat Servisi, NSU&#8217;nun \u00fcyeleri ve nerede kald\u0131klar\u0131yla ilgili \u00e7ok say\u0131da bilgiye sahipti ama bu bilgileri iletmeyi \u00e7ok kez ihmal ederek B\u00f6hnhardt, Mundlos ve Zsch\u00e4pe&#8217;nin tutuklanmala\u0131rn\u0131 engellemi\u015f ve cinayetlere devam edilmesini m\u00fcmk\u00fcn k\u0131lm\u0131\u015ft\u0131.<\/p>\n<p>Antonia von der Behrens bug\u00fcn 2011 sonras\u0131ndaki d\u00f6neme e\u011filerek Anayasay\u0131 Koruma Dairesi&#8217;nin yan\u0131s\u0131ra Federal Savc\u0131l\u0131\u011f\u0131 da g\u00f6z \u00f6n\u00fcne ald\u0131. Bu noktada da net bir resim olu\u015ftu: <!--more-->NSU \u00e7evresinden muhbirlerin dosyalar\u0131n\u0131n imha edilmeleri ya da \u201ckaybedilmeleri\u201d, muhbirlerin ve y\u00f6neticilerinin mahkemede olaylar\u0131 hat\u0131rlamad\u0131klar\u0131n\u0131 \u00f6ne s\u00fcrmeleri ya da do\u011frudan yalan s\u00f6ylemeleri ve t\u00fcm bunlar\u0131n \u00fcst\u00fcne kapsamlar\u0131n\u0131n ne boyutta oldu\u011funun haliyle bilinmedi\u011fi di\u011fer bilgilerin gizli tutulmas\u0131&#8230;Anayasay\u0131 Koruma yetkilileri, NSU olay kompleksinin ayd\u0131nlat\u0131lmas\u0131na engel olmak i\u00e7in yapabilecekleri her \u015feyi yapm\u0131\u015flard\u0131.<\/p>\n<p>\u0130\u00e7 \u0130stihbarat Servisi; Anayasay\u0131 Koruma i\u00e7in \u00e7al\u0131\u015fm\u0131\u015f olan tan\u0131klara y\u00f6nelik soru\u015fturma y\u00fcr\u00fctmeyen, bu tan\u0131klardan iddianamede s\u00f6z bile etmeyen, m\u00fcdahil davac\u0131lar\u0131n bu konudaki soru ve dilek\u00e7elerine itiraz eden ve ilgili di\u011fer bilgileri (\u00f6rne\u011fin ba\u015fka soru\u015fturmalar kapsam\u0131ndaki tan\u0131k sorgular\u0131n\u0131 NSU kompleksiyle ba\u011flant\u0131land\u0131rmak ve sudan gerek\u00e7elerle m\u00fcdahil davac\u0131lar\u0131n ba\u015fka dosyalara eri\u015fimlerini engellemek yoluyla) saklayan Federal Savc\u0131l\u0131k taraf\u0131ndan desteklenmi\u015fti. Federal Savc\u0131l\u0131k izole bir \u00fc\u00e7l\u00fc h\u00fccre y\u00f6n\u00fcndeki yanl\u0131\u015f tezi savunuyordu ve ayr\u0131ca devleti ve bu durumda anayasay\u0131 koruma dairelerini korumaya \u00e7al\u0131\u015f\u0131yordu.<\/p>\n<p>Antonia von der Behrens son olarak mahkemeyi de ele\u015ftirdi. Ona g\u00f6re mahkeme kimi noktalar\u0131n \u00fczerine e\u011filmi\u015fti (\u00f6rne\u011fin \u201elidersiz direni\u015f\u201c stratejisi ve ideolojisiyle ilgili konular ve \u201eBlood and Honour\u201c \u00e7evresinden olu\u015fan destek\u00e7i a\u011f\u0131), ama \u00e7o\u011fu noktada mahkemenin olaylar\u0131 ayd\u0131nlatma y\u00fck\u00fcml\u00fcl\u00fc\u011f\u00fc konusunda fazla k\u0131s\u0131t\u0131l\u0131 bir anlay\u0131\u015fa sahip olmas\u0131 nedeniyle ma\u011fdurlar\u0131n \u00e7ok \u00f6nemli sorular\u0131n\u0131n yan\u0131tlanmas\u0131n\u0131 imkans\u0131z hale getirmi\u015fti.<\/p>\n<p>Zsch\u00e4pe&#8217;nin avukatlar\u0131 Heer ve Stahl bir kez daha m\u00fctalaaya engel olmaya \u00e7al\u0131\u015ft\u0131lar. Bunu yapmalar\u0131na neden olan\u0131n bir kez daha devlet makamlar\u0131n\u0131n ele\u015ftirilmesi olmas\u0131 anlaml\u0131yd\u0131. M\u00fctalaalar\u0131n u\u011frad\u0131\u011f\u0131 bu kesintiler bir rit\u00fcel haline d\u00f6n\u00fc\u015fm\u00fc\u015f durumda g\u00f6r\u00fcn\u00fcyor. Bu iki avukat itirazlar\u0131nda \u201eesas duru\u015fman\u0131n kendisi\u201c ya da \u201egereksiz derecede ayr\u0131nt\u0131l\u0131\u201c gibi basmakal\u0131p s\u00f6zleri tekrarlay\u0131p durman\u0131n \u00f6tesine ge\u00e7mek i\u00e7in bir \u00e7aba bile g\u00f6stermiyorlar. Ve mahkeme de art\u0131k sabr\u0131n\u0131 kaybetmeye ba\u015flad\u0131. Bu, mahkeme ba\u015fkan\u0131n\u0131n Heer ve Stahl&#8217;\u0131n a\u00e7\u0131klamalar\u0131n\u0131n mahkeme solununda yol a\u00e7t\u0131\u011f\u0131 g\u00fcl\u00fc\u015fmelere art\u0131k eskiden oldu\u011fu gibi m\u00fcdahale etmemesinden anla\u015f\u0131l\u0131yor. Sonunda -tabii ki- itiraz geri \u00e7evrildi ve Antonia von der Behrens m\u00fctalaas\u0131na devam edebildi.<\/p>\n<p>Von der Behrens s\u00f6zlerini rahats\u0131z edici bir \u00f6zetle sonland\u0131rd\u0131:<\/p>\n<p style=\"padding-left: 30px;\"><em>\u201eS\u00f6z konusu dava, olaylar\u0131 gerekti\u011fi \u015fekilde ayd\u0131nlatamad\u0131. Bu durum, ele\u015ftirilmesi gerekli olsa da \u015fa\u015f\u0131rt\u0131c\u0131 de\u011fil. Bir yandan m\u00fcvekkillerimizle biz di\u011fer yandansa m\u00fcvekkillerimizle emniyet yetkilileri aras\u0131nda g\u00fc\u00e7 ili\u015fkileri a\u00e7\u0131s\u0131ndan b\u00fcy\u00fck bir e\u015fitsizlik mevcut. Devletin de kar\u0131\u015fm\u0131\u015f oldu\u011fu su\u00e7lar\u0131n a\u00e7\u0131\u011fa \u00e7\u0131kar\u0131lmas\u0131 i\u00e7in ony\u0131llar gerekiyor, ki o da ba\u015far\u0131l\u0131 olunursa. Bunun i\u00e7in aktif, ma\u011fdurlar\u0131 ve olaylar\u0131n ayd\u0131nlat\u0131lmas\u0131 y\u00f6n\u00fcndeki taleplerini unutmayan bir kamuoyu, kendini bununla y\u00fck\u00fcml\u00fc hisseden milletvekilleri, gazeteciler ve avukatlar gerekiyor. Sistemin i\u00e7erisinden \u201ehaber s\u0131zd\u0131ran ki\u015filer\u201c veya g\u00fcvenlik mekanizmalar\u0131ndaki \u00f6nemli bilgilerin s\u0131zd\u0131r\u0131lmas\u0131na neden olan \u00e7\u0131kar \u00e7at\u0131\u015fmalar\u0131n\u0131n sonlanmas\u0131 gerekiyor. Olaylar\u0131n ayd\u0131nlat\u0131lmas\u0131 talebi bu davayla birlikte susturulamaz ve devletin y\u00fcce \u00e7\u0131karlar\u0131n\u0131n neden oldu\u011fu kar\u015f\u0131 \u00e7\u0131k\u0131\u015flarla yolundan d\u00f6nd\u00fcr\u00fclemez. En az\u0131ndan Oktoberfest suikastiyla ilgili yarg\u0131lanman\u0131n yenilenmesi i\u00e7in verilen dilek\u00e7e 34 y\u0131l\u0131n ard\u0131ndan ba\u015far\u0131ya ula\u015ft\u0131.\u201c<\/em><\/p>\n<p><a href=\"http:\/\/www.dka-kanzlei.de\/news-reader\/rechtsanwaeltin-von-der-behrens-plaediert-im-nsu-prozess.html\" target=\"_blank\" rel=\"noopener\">Antonia von der Behrens&#8217;in<\/a> m\u00fctalaas\u0131n\u0131n Almanca \u00f6zeti i\u00e7in \u015fu linke bakabilirsiniz.<\/p>\n<p>Von der Behrens&#8217;in m\u00fctalaas\u0131n\u0131n ard\u0131ndan biz kendi m\u00fctalaalar\u0131m\u0131za ba\u015flad\u0131k.<\/p>\n<p>Bj\u00f6rn Elberling, NSU&#8217;nun i\u015fledi\u011fi soygunlara ve bunun \u00fczerine yap\u0131lan soru\u015fturmalara e\u011fildi. M\u00fcdahil davac\u0131lar\u0131n dava s\u00fcrecinde s\u0131k s\u0131k konu ettikleri bir\u00e7ok noktan\u0131n bu su\u00e7 eylemlerinde de \u201cdaha ufak bir \u00e7apta\u201d g\u00f6r\u00fcld\u00fc\u011f\u00fcn\u00fc g\u00f6sterdi: NSU \u00fcyelerinin \u015fok edici ac\u0131mas\u0131zl\u0131\u011f\u0131 ve s\u0131n\u0131r tan\u0131mazl\u0131\u011f\u0131, destek\u00e7iler a\u011f\u0131yla ba\u011flant\u0131lar\u0131, devletin y\u00fcce \u00e7\u0131karlar\u0131 nedeniyle soru\u015fturmalar\u0131n izole \u00fc\u00e7l\u00fc h\u00fccre tezine indirgenmesi ve Anayasay\u0131 Koruma Dairesi&#8217;nin soygunlar\u0131n (ve onlarla birlikte muhtemelen ba\u015fka cinyetlerin) da a\u00e7\u0131kl\u0131\u011fa kavu\u015fturulmalar\u0131n\u0131 engelleyici rol\u00fc.<\/p>\n<p>Avukat Elberling, Wohlleben&#8217;in savunmas\u0131n\u0131n B\u00f6hnhardt ve Mundlos&#8217;u politik olmayan, hastal\u0131kl\u0131 ve \u015fiddet d\u00fc\u015fk\u00fcn\u00fc psikopatlar olarak g\u00f6sterme \u00e7abas\u0131n\u0131n, \u0131rk\u00e7\u0131 ve Nazi \u015fiddet su\u00e7lar\u0131n\u0131n tehlikesizmi\u015f gibi g\u00f6sterilmeleri y\u00f6n\u00fcndeki yayg\u0131n tavr\u0131n sonucu oldu\u011funu, ama de\u015fifre edilmesi kolay bir sihirbazl\u0131k numaras\u0131 oldu\u011funu a\u00e7\u0131klad\u0131: M\u00fcnih&#8217;teki Olympia al\u0131\u015fveri\u015f merkezindeki sald\u0131r\u0131n\u0131n faili k\u0131sa s\u00fcre \u00f6ncesine kadar \u201ccinnet ge\u00e7iren bir ki\u015fi\u201d olarak tan\u0131mlan\u0131yor ve b\u00f6ylelikle a\u00e7\u0131k \u015fekilde \u0131rk\u00e7\u0131 motifinin \u00fczeri \u00f6rt\u00fcl\u00fcyordu. Ne zaman bir su\u00e7lunun ger\u00e7ek motiflerine y\u00f6nelik fikir teatileri engellenmeye \u00e7al\u0131\u015f\u0131lsa benzer arg\u00fcmanlarla kar\u015f\u0131la\u015f\u0131l\u0131yordu. Oysa ki olan bunun tam da aksi: Fa\u015fizm ve nasyonal sosyalizmin politik ve ideolojik temelleri, mecburen politik muhaliflerin insan olarak g\u00f6r\u00fclmemelerine ve b\u00f6ylece tamamen s\u0131n\u0131rs\u0131zca ve a\u015f\u0131r\u0131 bir ac\u0131mas\u0131zl\u0131kla harket edilmesine yol a\u00e7\u0131yor.<\/p>\n<p>Bj\u00f6rn Elberling m\u00fctalaas\u0131n\u0131n devam\u0131nda pek \u00e7ok noktada \u015fok edici derecede acemice olan 2011 sonras\u0131ndaki soru\u015fturmalar\u0131 ele\u015ftirdi. \u00d6rne\u011fin bir cinayet te\u015febb\u00fcs\u00fcn\u00fcn kurban\u0131 olan kendi m\u00fcvekkili, ancak davan\u0131n a\u00e7\u0131lmas\u0131n\u0131n ve m\u00fcdahil avukatlat\u0131n dilek\u00e7elerinin ard\u0131ndan ismiyle an\u0131lmaya ba\u015fland\u0131, kendisinden ondan \u00f6nce sadece \u201eonalt\u0131 ya\u015f\u0131ndaki bir gen\u00e7\u201c olarak s\u00f6z ediliyordu. Bj\u00f6rn Elberling, bu yetersiz soru\u015fturmalar\u0131n kendilerini ba\u015fka noktalarda da g\u00f6sterdiklerini ve Federal Savc\u0131l\u0131\u011f\u0131n y\u00fcr\u00fctt\u00fc\u011f\u00fc soru\u015fturmalar\u0131n bu kadar dar bir kapsama sahip olmalar\u0131nda etkisi oldu\u011funu a\u00e7\u0131klad\u0131: Kendi dar kapsaml\u0131 iddianamelerinin teyidi i\u00e7in ihtiya\u00e7 duyulmayan her \u015feyle sadece a\u015f\u0131r\u0131 yar\u0131m yamalak \u015fekilde ilgilenilmi\u015fti.<\/p>\n<p><a href=\"http:\/\/www.dka-kanzlei.de\/news-reader\/rechtsanwalt-dr-elberling-hat-plaediert.html\" target=\"_blank\" rel=\"noopener\">Bj\u00f6rn Elberling&#8217;in<\/a> m\u00fctalaas\u0131n\u0131n Almanca \u00f6zetini \u015fu linkte bulabilirsiniz.<\/p>\n<p>Alexander Hoffmann bug\u00fcn m\u00fctalaas\u0131n\u0131 maalesef tamamlayamad\u0131, \u00e7\u00fcnk\u00fc Ralf Wohlleben konsantrasyon g\u00fc\u00e7l\u00fc\u011f\u00fc \u00e7ekti\u011finden \u015fikayet etti. Hoffmann bunun hemen \u00f6ncesinde m\u00fctalaas\u0131na NSU \u00fcyelerinin ve destek\u00e7ilerinin \u00fc\u00e7 kolunun ideolojisini anlatarak ba\u015flam\u0131\u015ft\u0131: \u201cYeni Cephe&#8217;nin G\u00f6r\u00fc\u015f Birli\u011fi\u201dnin bir par\u00e7as\u0131 olarak Th\u00fcringen Vatan Koruma, Blood and Honour \u00e7evresinde olu\u015fmu\u015f olan camia, Hammerskinler ile Eminger karde\u015flerin onlar\u0131 takip eden \u201cErzgebirge Beyaz Karde\u015fli\u011fi\u201d ve NPD. Blood and Honour&#8217;a, NPD&#8217;ye ve bununla birlikte Wohlleben&#8217;in rol\u00fcne ise hen\u00fcz s\u0131ra gelmemi\u015fti. Ama Wohlleben&#8217;in kendisinin ulusal-bar\u0131\u015f\u00e7\u0131 bir etnik \u00e7o\u011fulcu oldu\u011fu y\u00f6n\u00fcndeki iddias\u0131n\u0131n \u00e7\u00fcr\u00fct\u00fclece\u011finin duyurulmas\u0131n\u0131n bile Wohlleben&#8217;in ba\u015f\u0131n\u0131 a\u011fr\u0131tm\u0131\u015f oldu\u011funu d\u00fc\u015f\u00fcnmekten memnuniyet duyuyoruz.<\/p>\n<p>Avukat Hoffmann, NSU&#8217;nun i\u015fledi\u011fi su\u00e7lar\u0131n \u201cAlmanlar\u201d ve \u201cyabanc\u0131lar\u201d aras\u0131ndaki toplumsal u\u00e7urumu b\u00fcy\u00fctt\u00fc\u011f\u00fcn\u00fc ve bu \u015fekilde ba\u015far\u0131ya ula\u015ft\u0131\u011f\u0131n\u0131 anlatt\u0131.<\/p>\n<p style=\"padding-left: 30px;\"><em>\u201eNSU&#8217;nun \u00f6zellikle T\u00fcrkiye k\u00f6kenli ki\u015fileri \u00f6ld\u00fcrmesi ve mevcut kurumsal \u0131rk\u00e7\u0131l\u0131\u011f\u0131n kurbanlar\u0131 su\u00e7lulara d\u00f6n\u00fc\u015ft\u00fcrece\u011fini ve kendileri su\u00e7lar\u0131 \u00fcstlenmeden olaylar\u0131n a\u00e7\u0131\u011fa \u00e7\u0131kmayaca\u011f\u0131n\u0131 hesaba katmas\u0131yla, g\u00f6\u00e7men k\u00f6kenli insanlar\u0131n Alman devletine g\u00fcveni daha \u00f6nce hi\u00e7 olmad\u0131\u011f\u0131 \u015fekilde sars\u0131ld\u0131. Bu insanlarda Alman devletinin korunmaya de\u011fmeyen bir par\u00e7as\u0131 olduklar\u0131 ve b\u00f6ylece sosyal dayan\u0131\u015fmadan d\u0131\u015fland\u0131klar\u0131 hissi uyand\u0131.[&#8230;]<\/em><\/p>\n<p style=\"padding-left: 30px;\"><em>Toplumdaki bu b\u00f6l\u00fcnme NSU&#8217;nun bilinen t\u00fcm \u00fcyleri ve destek\u00e7ilerinin ideolojisiyle % 100 \u00f6rt\u00fc\u015f\u00fcyor. Su\u00e7lar\u0131n ard\u0131ndaki bu motivasyon, Th\u00fcringen Vatan Koruma \u00e7evresindeki a\u011f\u0131n propaganda yaz\u0131lar\u0131nda, Blood and Honour&#8217;da, Eminger&#8217;lerin \u201cErzgebirge Beyaz Karde\u015fli\u011fi&#8217;nde, Hammerskinler ve t\u00fcm bunlar\u0131 \u201canavatanlar\u0131n Avrupas\u0131\u201d olarak pazarlayan NPD&#8217;nin propagandas\u0131nda, ama ayr\u0131ca \u015fu anda Alman toplumunu sa\u011fa do\u011fru iten AfD&#8217;nin H\u00f6cke ve Gauland&#8217;\u0131nda da g\u00f6r\u00fcl\u00fcyor.\u201d<\/em><\/p>\n<p>Hoffmann bundan \u00f6nce her ikisi de Keupstra\u00dfe m\u00fcdahil davac\u0131lar\u0131 olan m\u00fcvekkillerinin durumunu a\u00e7\u0131klam\u0131\u015ft\u0131.<\/p>\n<p style=\"padding-left: 30px;\"><em>\u201eHi\u00e7 unutmad\u0131k, hi\u00e7 unutmayaca\u011f\u0131z\u201c ba\u015fl\u0131\u011f\u0131 alt\u0131nda bir kez daha, m\u00fcvekkilinin dolays\u0131z olarak patlama veya etrafa sa\u00e7\u0131lan keskin par\u00e7alar nedeniyle yaralanmas\u0131na ra\u011fmen m\u00fcdahil davac\u0131 olma izni i\u00e7in nas\u0131l m\u00fccadele etmi\u015f oldu\u011fuu g\u00f6zler \u00f6n\u00fcne serdi. Federal Savc\u0131l\u0131\u011f\u0131n burada kullan\u0131lan \u00e7ivil bomban\u0131n menzilinde bulunan herkesi a\u00e7\u0131k\u00e7a \u00f6ld\u00fcrme kast\u0131n\u0131 nas\u0131l g\u00f6rmezden geldi\u011fini bir kez daha g\u00f6zler \u00f6n\u00fcne serdi. M\u00fcvekkili, bomban\u0131n potansiyel menzilinde bulunmas\u0131 nedeniyle m\u00fcdahil davas\u0131 sadece cinayet te\u015febb\u00fcs\u00fc nedeniyle kabul edilen ilk m\u00fcdahil davac\u0131yd\u0131. Onun ard\u0131ndan Keupstra\u00dfe&#8217;dan \u00e7ok say\u0131da ba\u015fka m\u00fcdahil davac\u0131ya da izin verilmi\u015fti.<\/em><\/p>\n<p style=\"padding-left: 30px;\"><em>\u201eFederal Savc\u0131l\u0131k m\u00fctalaas\u0131nda san\u0131k Beate Zsch\u00e4pe&#8217;nin Keupstra\u00dfe bombal\u0131 sald\u0131r\u0131s\u0131nda, 32 vakada cinayet te\u015febb\u00fcs\u00fc ve 23 vakada tehlikeli yaralanma nedeniye \u00f6m\u00fcr boyu hapis cezas\u0131na \u00e7arpt\u0131r\u0131lmas\u0131 talebinde bulundu. Ba\u015fsavc\u0131l\u0131\u011f\u0131n temsilcilerinden hi\u00e7biri tek bir kelime bile edip ilk iddianamede sadece 22 vakadaki cinayet te\u015febb\u00fcs\u00fcn\u00fcn s\u00f6z konusu oldu\u011funu belirtmedi. M\u00fcvekkillerimin ikisi de iddianame metninde bombal\u0131 sald\u0131r\u0131n\u0131n kurbanlar\u0131 olarak ge\u00e7miyorlar.\u201c[\u2026]<\/em><\/p>\n<p style=\"padding-left: 30px;\"><em>\u201e\u015eimdi Zsch\u00e4pe&#8217;nin 32 vakadan ve 32 ki\u015fiye y\u00f6nelik cinayet te\u015febb\u00fcs\u00fcnden h\u00fck\u00fcm giymesinin beklenmesi, geri ad\u0131m atmayan ve haklar\u0131nda \u0131srar eden m\u00fcdahil davac\u0131lar\u0131n ba\u015far\u0131s\u0131. Ba\u015fsavc\u0131l\u0131k di\u011fer 10 vakada \u015fikayet\u00e7i olmak istemiyordu ve bu insanlara hukuki stat\u00fcler\u00fcn\u00fc teslim etmeyip on ki\u015finin devlet taraf\u0131ndan NSU&#8217;nun kurbanlar\u0131 olarak tan\u0131nmalar\u0131na engel olmay\u0131 s\u00fcrekli \u015fekilde denedi.\u201c<\/em><\/p>\n<p>Hoffmann m\u00fctalaas\u0131na \u00f6n\u00fcm\u00fczdeki hafta devam edecek.<\/p>\n<p>Yar\u0131n Yozgat ailesinin temsilcileri konu\u015facak. Ailenin kendisi de mahkeme salonunda bulunacak.<\/p>\n","protected":false},"excerpt":{"rendered":"<p>M\u00fcdahil davac\u0131lar\u0131n m\u00fctalaaar\u0131na devam Bug\u00fcn ilk olarak Antonia von der Behrens m\u00fctalaas\u0131n\u0131 sonland\u0131rd\u0131. M\u00fctalaas\u0131n\u0131n ge\u00e7en haftaki ilk b\u00f6l\u00fcm\u00fcnde sars\u0131c\u0131 say\u0131da tekil olay\u0131 bir araya getirerek iki ana tezini kan\u0131tlayan bir mozaik olu\u015fturmu\u015ftu: NSU&#8217;nun \u00e7evresinde Anayasay\u0131 Koruma Dairesi&#8217;nin muhbirleri, di\u011fer haber kaynaklar\u0131 ve devlet makamlar\u0131n\u0131n olu\u015fturdu\u011fu bir a\u011f mevcuttu ve \u0130\u00e7 \u0130stihbarat Servisi, NSU&#8217;nun \u00fcyeleri ve [&hellip;]<\/p>\n","protected":false},"author":1,"featured_media":0,"comment_status":"closed","ping_status":"closed","sticky":false,"template":"","format":"standard","meta":{"_s2mail":"yes","footnotes":""},"categories":[1],"tags":[],"class_list":["post-1467","post","type-post","status-publish","format-standard","hentry","category-allgemein"],"_links":{"self":[{"href":"https:\/\/www.nsu-nebenklage.de\/tr\/wp-json\/wp\/v2\/posts\/1467","targetHints":{"allow":["GET"]}}],"collection":[{"href":"https:\/\/www.nsu-nebenklage.de\/tr\/wp-json\/wp\/v2\/posts"}],"about":[{"href":"https:\/\/www.nsu-nebenklage.de\/tr\/wp-json\/wp\/v2\/types\/post"}],"author":[{"embeddable":true,"href":"https:\/\/www.nsu-nebenklage.de\/tr\/wp-json\/wp\/v2\/users\/1"}],"replies":[{"embeddable":true,"href":"https:\/\/www.nsu-nebenklage.de\/tr\/wp-json\/wp\/v2\/comments?post=1467"}],"version-history":[{"count":3,"href":"https:\/\/www.nsu-nebenklage.de\/tr\/wp-json\/wp\/v2\/posts\/1467\/revisions"}],"predecessor-version":[{"id":1472,"href":"https:\/\/www.nsu-nebenklage.de\/tr\/wp-json\/wp\/v2\/posts\/1467\/revisions\/1472"}],"wp:attachment":[{"href":"https:\/\/www.nsu-nebenklage.de\/tr\/wp-json\/wp\/v2\/media?parent=1467"}],"wp:term":[{"taxonomy":"category","embeddable":true,"href":"https:\/\/www.nsu-nebenklage.de\/tr\/wp-json\/wp\/v2\/categories?post=1467"},{"taxonomy":"post_tag","embeddable":true,"href":"https:\/\/www.nsu-nebenklage.de\/tr\/wp-json\/wp\/v2\/tags?post=1467"}],"curies":[{"name":"wp","href":"https:\/\/api.w.org\/{rel}","templated":true}]}}