{"id":1492,"date":"2018-01-12T09:58:46","date_gmt":"2018-01-12T08:58:46","guid":{"rendered":"http:\/\/www.nsu-nebenklage.de\/tr\/?p=1492"},"modified":"2018-01-12T09:58:46","modified_gmt":"2018-01-12T08:58:46","slug":"10-01-2018","status":"publish","type":"post","link":"https:\/\/www.nsu-nebenklage.de\/tr\/2018\/01\/12\/10-01-2018\/","title":{"rendered":"10.01.2018"},"content":{"rendered":"<h4>Seda Ba\u015fay ve Abdulkerim \u015eim\u015fek&#8217;ten ikna edici ve dokunakl\u0131 m\u00fctalaa<\/h4>\n<p>Duru\u015fma bug\u00fcn daha ge\u00e7 ba\u015flad\u0131 ve san\u0131k Wohlleben&#8217;in yine s\u0131rt a\u011fr\u0131lar\u0131ndan \u015fikayet\u00e7i olmas\u0131 ve sabah \u00f6ncelikle muayene edilmesi nedeniyle \u00f6\u011flen sona erdi.<\/p>\n<p>Avukat Ba\u015fay ilk olarak d\u00fcn ba\u015flad\u0131\u011f\u0131 <a href=\"http:\/\/www.nsu-nebenklage.de\/tr\/2018\/01\/11\/09-01-2018\/#more-1490\" target=\"_blank\" rel=\"noopener\">m\u00fctalaas\u0131na<\/a> devam etti. Beate Zsch\u00e4pe&#8217;nin tamamen inan\u0131lmaz a\u00e7\u0131klamalar\u0131yla ilgili k\u0131sa bir parantezin ard\u0131ndan bir kez daha N\u00fcrnberg&#8217;deki destek\u00e7iler konusuna yo\u011fun bir \u015fekilde e\u011fildi.<\/p>\n<p>Tam da N\u00fcrnberg&#8217;deki d\u00f6rt olay yeri -Enver \u015eim\u015fek, Abdurrahim \u00d6z\u00fcdo\u011fru ve \u0130smail Ya\u015far cinayetleri ile &#8220;Sonneschein&#8221; isimli lokale d\u00fczenlenen patlay\u0131c\u0131 bombal\u0131 sald\u0131r\u0131- Ba\u015far&#8217;\u0131n anlatt\u0131\u011f\u0131na g\u00f6re Federal Savc\u0131l\u0131\u011f\u0131n t\u00fcm bu yerlerin sadece B\u00f6hnhardt ve Mundlos taraf\u0131ndan \u00f6nceden g\u00f6zetlenmi\u015f olduklar\u0131 tezinin makul olmad\u0131\u011f\u0131n\u0131 g\u00f6steriyordu: Olay yerleri \u015fehrin farl\u0131 yerlerin da\u011f\u0131lm\u0131\u015flard\u0131, \u00f6zellikle de \u015eim\u015fek cinayetinin olay yeri di\u011ferlerinden uzaktayd\u0131. Ayr\u0131ca \u015eim\u015fek&#8217;in hangi g\u00fcnlerde kamyonuyla orada oldu\u011fu sadece orada ya\u015fayanlar taraf\u0131ndan biliniyordu. <!--more-->Di\u011fer olay yerleri de d\u0131\u015far\u0131dan pek g\u00f6r\u00fcn\u00fcr de\u011fillerdi. \u00d6rne\u011fin Abdurrahim \u00d6z\u00fcdo\u011fru&#8217;nun terzi d\u00fckkan\u0131 bir konut b\u00f6lgesindeydi, ismi sadece bir mal sahibi tabelas\u0131nda ufak bir \u015fekilde yaz\u0131l\u0131yd\u0131, &#8220;Sonnenchein&#8221; lokalini k\u0131sa s\u00fcre \u00f6nce T\u00fcrk bir kirac\u0131n\u0131n devrald\u0131\u011f\u0131 da d\u0131\u015far\u0131dan anla\u015f\u0131lm\u0131yordu. Yeterince belgelenmi\u015f olmasalar da \u00fc\u00e7l\u00fcn\u00fcn kiralam\u0131\u015f olduklar\u0131 ara\u00e7lar bu g\u00f6zetleme faaliyetlerinde kullan\u0131lm\u0131\u015f olabilirlerdi.<\/p>\n<p>NSU&#8217;nun Fr\u00fchlingsstra\u00dfe&#8217;deki evinde bulunan g\u00f6zetleme notlar\u0131n\u0131n i\u00e7eri\u011fi de uzunca bir g\u00f6zetleme s\u00fcrecine i\u015faret ediyorlard\u0131 ve ayr\u0131ca kimi yerlere en iyi nas\u0131l ula\u015f\u0131labilece\u011fine dair notlar, yani o yerlerin yabanc\u0131lar\u0131 i\u00e7in al\u0131nm\u0131\u015f notlar i\u00e7eriyorlard\u0131. Ayr\u0131ca Ya\u015far cinayetinde -Mehmet Turgut&#8217;un Rostock cinayetinde oldu\u011fu gibi (bkz. <a href=\"http:\/\/www.nsu-nebenklage.de\/tr\/2017\/12\/22\/20-12-2017\/\" target=\"_blank\" rel=\"noopener\">Avukat Langer&#8217;in m\u00fctalaas\u0131<\/a>) &#8211;\u00a0 Mundlos&#8217;un yan\u0131s\u0131ra\u00a0 Holger Gerlach ve Ralf Wohlleben ile de ba\u011flant\u0131s\u0131 olan tan\u0131nan bir Neonazi, olay\u0131n \u00f6ncesinde cinayet kurban\u0131n\u0131n b\u00fcfesine sald\u0131r\u0131da bulunmu\u015ftu. Di\u011fer olay yerleriyle ilgili olarak da akla uygun ba\u011flant\u0131lar mevcuttu, \u00f6rne\u011fin Geral\u0131 bir Neonazi \u201cSonnenschein\u201d lokalinin hemen yan\u0131ndaki binada oturuyordu, Franken&#8217;de \u201cBlood and Honour\u201d \u00fcyesi olan ve Saksonyal\u0131 destek\u00e7i Mandy Struck ile bir s\u00fcre ili\u015fki ya\u015fam\u0131\u015f olan bir di\u011feriyse Enver \u015eim\u015fek&#8217;in d\u00fckkan\u0131ndan iki kez \u00e7i\u00e7ek alm\u0131\u015f oldu\u011funu itiraf etmi\u015fti.<\/p>\n<p>Ba\u015fay&#8217;\u0131n ard\u0131ndan Enver \u015eim\u015fek&#8217;in o\u011flu Abdulkerim \u015eim\u015fek s\u00f6z ald\u0131. 13 ya\u015f\u0131nda babas\u0131n\u0131n \u00f6l\u00fcm\u00fcn\u00fc ya\u015fam\u0131\u015f, onu son kez hastanenin yo\u011fun bak\u0131m servisinde a\u011f\u0131r yaral\u0131 \u015fekilde yatarken g\u00f6rebilmi\u015fti. \u015eim\u015fek, polisin soru\u015fturmalar kapsam\u0131nda babas\u0131na y\u00f6neltti\u011fi \u015f\u00fcphelerin kendisinde uyand\u0131rm\u0131\u015f oldu\u011fu korkular\u0131 anlatt\u0131:<\/p>\n<p style=\"padding-left: 30px;\"><em>\u201cBabam\u0131n su\u00e7lu olmad\u0131\u011f\u0131ndan emin olsam da onun cinayetini gizli tutmaya \u00e7al\u0131\u015ft\u0131m. Kula\u011fa abs\u00fcrd geliyor, ama onun Naziler taraf\u0131ndan \u00f6ld\u00fcr\u00fcld\u00fc\u011f\u00fcn\u00fc ve b\u00f6ylece su\u00e7suzlu\u011funun kan\u0131tland\u0131\u011f\u0131n\u0131 duydu\u011fumda rahatlad\u0131m. Olanlar\u0131 gizlemeye art\u0131k son verebilirdim.\u201d<\/em><\/p>\n<p>Ailenin tolumsal ya\u015fam\u0131 babas\u0131n\u0131n \u00f6ld\u00fcr\u00fclmesi ve polisin olay\u0131n olas\u0131 kriminal nedenleri ile ilgili spek\u00fclasyonlar\u0131 nedeniyle harap olmu\u015ftu. Sadece annesi a\u011f\u0131r finansal g\u00fc\u00e7l\u00fckler i\u00e7erisinde aileyi ge\u00e7indirmeye \u00e7al\u0131\u015ft\u0131\u011f\u0131ndan de\u011fil, bu \u015fekilde aileyi izolasyon i\u00e7inde ya\u015famaya zorlayan bir tabu olu\u015fturuldu\u011fundan dolay\u0131 da.<\/p>\n<p>Abdulkerim \u015eim\u015fek son olarak do\u011frudan san\u0131klara hitap etti:<\/p>\n<p style=\"padding-left: 30px;\"><em>\u201eSan\u0131klara benim de bir\u00e7ok sorum var.<\/em><\/p>\n<p style=\"padding-left: 30px;\"><em>Neden babam? Bir insan\u0131 sadece k\u00f6keni veya derisinin rengi nedeniyle sekiz el ate\u015f ederek \u00f6ld\u00fcrmek ne kadar hastal\u0131kl\u0131? Babam size ne yapt\u0131?\u00a0<\/em><\/p>\n<p style=\"padding-left: 30px;\"><em>Onun sadece T\u00fcrk oldu\u011fu i\u00e7in \u00f6ld\u00fcr\u00fclm\u00fc\u015f olmas\u0131n\u0131n bizim i\u00e7in ne anlama geldi\u011fini anlayabilir misiniz?\u00a0<\/em><\/p>\n<p style=\"padding-left: 30px;\"><em>\u0130tiraf videosunda babam\u0131n kanayarak yerde yatt\u0131\u011f\u0131n\u0131 g\u00f6rmenin ve orada saatlerce \u00e7aresiz \u015fekilde yatm\u0131\u015f oldu\u011funu bilmenin bizim i\u00e7in ne anlama geldi\u011fini anlayabilir misiniz? \u00a0<\/em><\/p>\n<p style=\"padding-left: 30px;\"><em>En az\u0131ndan san\u0131klardan biri burada ayr\u0131nt\u0131l\u0131 bilgiler verdi ve bana g\u00f6re i\u00e7ten bir \u015fekilde \u00f6z\u00fcr diledi. Bay Schultze, \u00f6zr\u00fcn\u00fcz\u00fc kabul ediyoruz.\u00a0<\/em><\/p>\n<p style=\"padding-left: 30px;\"><em>Babam\u0131n \u00f6l\u00fcm\u00fcnde su\u00e7u olan herkesin sorumlu tutulmas\u0131n\u0131 ve en a\u011f\u0131r cezalara \u00e7arpt\u0131r\u0131lmas\u0131n\u0131 istiyorum.\u201d<\/em><\/p>\n","protected":false},"excerpt":{"rendered":"<p>Seda Ba\u015fay ve Abdulkerim \u015eim\u015fek&#8217;ten ikna edici ve dokunakl\u0131 m\u00fctalaa Duru\u015fma bug\u00fcn daha ge\u00e7 ba\u015flad\u0131 ve san\u0131k Wohlleben&#8217;in yine s\u0131rt a\u011fr\u0131lar\u0131ndan \u015fikayet\u00e7i olmas\u0131 ve sabah \u00f6ncelikle muayene edilmesi nedeniyle \u00f6\u011flen sona erdi. Avukat Ba\u015fay ilk olarak d\u00fcn ba\u015flad\u0131\u011f\u0131 m\u00fctalaas\u0131na devam etti. Beate Zsch\u00e4pe&#8217;nin tamamen inan\u0131lmaz a\u00e7\u0131klamalar\u0131yla ilgili k\u0131sa bir parantezin ard\u0131ndan bir kez daha N\u00fcrnberg&#8217;deki [&hellip;]<\/p>\n","protected":false},"author":1,"featured_media":0,"comment_status":"closed","ping_status":"closed","sticky":false,"template":"","format":"standard","meta":{"_s2mail":"yes","footnotes":""},"categories":[1],"tags":[],"class_list":["post-1492","post","type-post","status-publish","format-standard","hentry","category-allgemein"],"_links":{"self":[{"href":"https:\/\/www.nsu-nebenklage.de\/tr\/wp-json\/wp\/v2\/posts\/1492","targetHints":{"allow":["GET"]}}],"collection":[{"href":"https:\/\/www.nsu-nebenklage.de\/tr\/wp-json\/wp\/v2\/posts"}],"about":[{"href":"https:\/\/www.nsu-nebenklage.de\/tr\/wp-json\/wp\/v2\/types\/post"}],"author":[{"embeddable":true,"href":"https:\/\/www.nsu-nebenklage.de\/tr\/wp-json\/wp\/v2\/users\/1"}],"replies":[{"embeddable":true,"href":"https:\/\/www.nsu-nebenklage.de\/tr\/wp-json\/wp\/v2\/comments?post=1492"}],"version-history":[{"count":1,"href":"https:\/\/www.nsu-nebenklage.de\/tr\/wp-json\/wp\/v2\/posts\/1492\/revisions"}],"predecessor-version":[{"id":1493,"href":"https:\/\/www.nsu-nebenklage.de\/tr\/wp-json\/wp\/v2\/posts\/1492\/revisions\/1493"}],"wp:attachment":[{"href":"https:\/\/www.nsu-nebenklage.de\/tr\/wp-json\/wp\/v2\/media?parent=1492"}],"wp:term":[{"taxonomy":"category","embeddable":true,"href":"https:\/\/www.nsu-nebenklage.de\/tr\/wp-json\/wp\/v2\/categories?post=1492"},{"taxonomy":"post_tag","embeddable":true,"href":"https:\/\/www.nsu-nebenklage.de\/tr\/wp-json\/wp\/v2\/tags?post=1492"}],"curies":[{"name":"wp","href":"https:\/\/api.w.org\/{rel}","templated":true}]}}