{"id":1496,"date":"2018-01-15T15:28:25","date_gmt":"2018-01-15T14:28:25","guid":{"rendered":"http:\/\/www.nsu-nebenklage.de\/tr\/?p=1496"},"modified":"2018-01-15T15:28:25","modified_gmt":"2018-01-15T14:28:25","slug":"15-01-2018","status":"publish","type":"post","link":"https:\/\/www.nsu-nebenklage.de\/tr\/2018\/01\/15\/15-01-2018\/","title":{"rendered":"15.01.2018"},"content":{"rendered":"<h4>Bu hafta duru\u015fma yap\u0131lmayacak.<\/h4>\n<p>Mahkeme heyetinin bir \u00fcyesi hastaland\u0131\u011f\u0131 i\u00e7in bu hafta duru\u015fma yap\u0131lmayacak.<\/p>\n<p>Duru\u015fma Sal\u0131 g\u00fcn\u00fc, 23.01.2018 tarihinde devam edecek.<\/p>\n","protected":false},"excerpt":{"rendered":"<p>Bu hafta duru\u015fma yap\u0131lmayacak. Mahkeme heyetinin bir \u00fcyesi hastaland\u0131\u011f\u0131 i\u00e7in bu hafta duru\u015fma yap\u0131lmayacak. Duru\u015fma Sal\u0131 g\u00fcn\u00fc, 23.01.2018 tarihinde devam edecek.<\/p>\n","protected":false},"author":1,"featured_media":0,"comment_status":"closed","ping_status":"closed","sticky":false,"template":"","format":"standard","meta":{"_s2mail":"yes","footnotes":""},"categories":[1],"tags":[],"class_list":["post-1496","post","type-post","status-publish","format-standard","hentry","category-allgemein"],"_links":{"self":[{"href":"https:\/\/www.nsu-nebenklage.de\/tr\/wp-json\/wp\/v2\/posts\/1496","targetHints":{"allow":["GET"]}}],"collection":[{"href":"https:\/\/www.nsu-nebenklage.de\/tr\/wp-json\/wp\/v2\/posts"}],"about":[{"href":"https:\/\/www.nsu-nebenklage.de\/tr\/wp-json\/wp\/v2\/types\/post"}],"author":[{"embeddable":true,"href":"https:\/\/www.nsu-nebenklage.de\/tr\/wp-json\/wp\/v2\/users\/1"}],"replies":[{"embeddable":true,"href":"https:\/\/www.nsu-nebenklage.de\/tr\/wp-json\/wp\/v2\/comments?post=1496"}],"version-history":[{"count":1,"href":"https:\/\/www.nsu-nebenklage.de\/tr\/wp-json\/wp\/v2\/posts\/1496\/revisions"}],"predecessor-version":[{"id":1497,"href":"https:\/\/www.nsu-nebenklage.de\/tr\/wp-json\/wp\/v2\/posts\/1496\/revisions\/1497"}],"wp:attachment":[{"href":"https:\/\/www.nsu-nebenklage.de\/tr\/wp-json\/wp\/v2\/media?parent=1496"}],"wp:term":[{"taxonomy":"category","embeddable":true,"href":"https:\/\/www.nsu-nebenklage.de\/tr\/wp-json\/wp\/v2\/categories?post=1496"},{"taxonomy":"post_tag","embeddable":true,"href":"https:\/\/www.nsu-nebenklage.de\/tr\/wp-json\/wp\/v2\/tags?post=1496"}],"curies":[{"name":"wp","href":"https:\/\/api.w.org\/{rel}","templated":true}]}}