{"id":1505,"date":"2018-01-31T21:55:29","date_gmt":"2018-01-31T20:55:29","guid":{"rendered":"http:\/\/www.nsu-nebenklage.de\/tr\/?p=1505"},"modified":"2018-01-31T21:56:47","modified_gmt":"2018-01-31T20:56:47","slug":"30-01-2018","status":"publish","type":"post","link":"https:\/\/www.nsu-nebenklage.de\/tr\/2018\/01\/31\/30-01-2018\/","title":{"rendered":"30.01.2018"},"content":{"rendered":"<p>Bug\u00fcnk\u00fc duru\u015fma yine k\u0131sa s\u00fcrd\u00fc: Mahkeme savunman\u0131n ge\u00e7ti\u011fimiz hafta\u00a0vermi\u015f oldu\u011fu delil tespiti <a href=\"http:\/\/www.nsu-nebenklage.de\/tr\/2018\/01\/24\/23-01-2018\/\" target=\"_blank\" rel=\"noopener\">dilek\u00e7esini<\/a>\u00a0-beklendi\u011fi\u00a0\u00fczere- reddetti. Savunma, konuyu kendi aralar\u0131nda g\u00f6r\u00fc\u015fmeleri i\u00e7in\u00a0verilen uzun bir aran\u0131n ard\u0131ndan yar\u0131n sabah itirazda bulunacaklar\u0131n\u0131\u00a0duyurdu. Heyet ba\u015fkan\u0131 duru\u015fmay\u0131 11:30&#8217;a do\u011fru sonland\u0131rd\u0131.<\/p>\n","protected":false},"excerpt":{"rendered":"<p>Bug\u00fcnk\u00fc duru\u015fma yine k\u0131sa s\u00fcrd\u00fc: Mahkeme savunman\u0131n ge\u00e7ti\u011fimiz hafta\u00a0vermi\u015f oldu\u011fu delil tespiti dilek\u00e7esini\u00a0-beklendi\u011fi\u00a0\u00fczere- reddetti. Savunma, konuyu kendi aralar\u0131nda g\u00f6r\u00fc\u015fmeleri i\u00e7in\u00a0verilen uzun bir aran\u0131n ard\u0131ndan yar\u0131n sabah itirazda bulunacaklar\u0131n\u0131\u00a0duyurdu. Heyet ba\u015fkan\u0131 duru\u015fmay\u0131 11:30&#8217;a do\u011fru sonland\u0131rd\u0131.<\/p>\n","protected":false},"author":1,"featured_media":0,"comment_status":"closed","ping_status":"closed","sticky":false,"template":"","format":"standard","meta":{"_s2mail":"yes","footnotes":""},"categories":[1],"tags":[],"class_list":["post-1505","post","type-post","status-publish","format-standard","hentry","category-allgemein"],"_links":{"self":[{"href":"https:\/\/www.nsu-nebenklage.de\/tr\/wp-json\/wp\/v2\/posts\/1505","targetHints":{"allow":["GET"]}}],"collection":[{"href":"https:\/\/www.nsu-nebenklage.de\/tr\/wp-json\/wp\/v2\/posts"}],"about":[{"href":"https:\/\/www.nsu-nebenklage.de\/tr\/wp-json\/wp\/v2\/types\/post"}],"author":[{"embeddable":true,"href":"https:\/\/www.nsu-nebenklage.de\/tr\/wp-json\/wp\/v2\/users\/1"}],"replies":[{"embeddable":true,"href":"https:\/\/www.nsu-nebenklage.de\/tr\/wp-json\/wp\/v2\/comments?post=1505"}],"version-history":[{"count":2,"href":"https:\/\/www.nsu-nebenklage.de\/tr\/wp-json\/wp\/v2\/posts\/1505\/revisions"}],"predecessor-version":[{"id":1507,"href":"https:\/\/www.nsu-nebenklage.de\/tr\/wp-json\/wp\/v2\/posts\/1505\/revisions\/1507"}],"wp:attachment":[{"href":"https:\/\/www.nsu-nebenklage.de\/tr\/wp-json\/wp\/v2\/media?parent=1505"}],"wp:term":[{"taxonomy":"category","embeddable":true,"href":"https:\/\/www.nsu-nebenklage.de\/tr\/wp-json\/wp\/v2\/categories?post=1505"},{"taxonomy":"post_tag","embeddable":true,"href":"https:\/\/www.nsu-nebenklage.de\/tr\/wp-json\/wp\/v2\/tags?post=1505"}],"curies":[{"name":"wp","href":"https:\/\/api.w.org\/{rel}","templated":true}]}}