{"id":152,"date":"2013-07-08T17:52:10","date_gmt":"2013-07-08T15:52:10","guid":{"rendered":"http:\/\/www.nsu-nebenklage.de\/tr\/?p=152"},"modified":"2013-07-24T13:27:20","modified_gmt":"2013-07-24T11:27:20","slug":"04-07-2013","status":"publish","type":"post","link":"https:\/\/www.nsu-nebenklage.de\/tr\/2013\/07\/08\/04-07-2013\/","title":{"rendered":"04.07.2013"},"content":{"rendered":"<h4>Facia ara\u015ft\u0131rma \u00e7al\u0131\u015fmalar\u0131 facia dava g\u00fcnleri \u00fc\u011fretiyor<\/h4>\n<p>Dava g\u00fcn\u00fcn ilk yar\u0131s\u0131, polisin ara\u015ft\u0131rma \u00e7al\u0131\u015fmalar\u0131n\u0131n kalitesinin nekadar k\u00f6t\u00fc oldu\u011fu mahkeme salonunda g\u00f6r\u00fcld\u00fc.<\/p>\n<p>Carsten Schultze&#8217;nin ifadesinde, B\u00f6hnhardt ve Mundlos&#8217;a verdi\u011fi susturucu silah muhtemelen Ceska silah\u0131 oldu\u011funu belirtmi\u015fti. \u015eunu belirti:  Bir sorguda ona, \u00e7e\u015fitli silahlar, siyah beyaz kalitesi k\u00f6t\u00fc olan kopiler g\u00f6sterildi. Ba\u015fka bir sorguda da \u00e7e\u015fitli silahlar \u00f6n\u00fcne indirilmi\u015f. Bundan dolay\u0131, onun sat\u0131n ald\u0131p da &#8216;\u00fc\u00e7 ki\u015fiye&#8217;  teslim eden silah\u0131 y\u00fczde y\u00fcz te\u015fhis edemedi.<\/p>\n<p>Gerlach&#8217;\u0131n, silahlar g\u00f6sterildi\u011fi sorgulamas\u0131nda yer alan bir polis \u015fahidi, mahkeme salonuna bir kasa dolusu silah getirmi\u015fti. Sorgulama s\u00fcrecinde ortaya \u00e7\u0131kan: Zaman\u0131nda Gerlach&#8217;a g\u00f6sterilen silahlar ayn\u0131 seriden olan silahlard\u0131. Fakat kulan\u0131lm\u0131\u015f olan silahlar de\u011fildi. \u00c7\u00fcnk\u00fc belki ona g\u00f6sterilen silahlar\u0131n namlusu veya pen\u00e7eleri farkl\u0131 renklerdendi. Bu nedenlerden dolay\u0131, sorgulaman\u0131n t\u00fcm\u00fc yarars\u0131zd\u0131.<\/p>\n<p>Fakat bu d\u00fczensiz ara\u015ft\u0131rma \u00e7al\u0131\u015fmas\u0131, dava&#8217;n\u0131n son karar\u0131n\u0131 etkilemez. Schultze kesin, vida d\u0131\u015f\u0131nda oldu\u011fu gibi helezoni\u011fi ve bu suturucu silahlar i\u00e7in kulan\u0131ld\u0131\u011f\u0131n\u0131 hat\u0131rl\u0131yor. Ama, NSU&#8217;nun yapt\u0131\u011f\u0131 cinayetler ve onun i\u00e7in kuland\u0131\u011f\u0131 tek bu tarzda, ellerinde olan imkanlara g\u00f6re, sadece Ceska silah\u0131yd\u0131. Bu nedenle, Schultze ve Wohlleben&#8217;\u0131n temin ettilekleri silah cinayet silah\u0131 olarak te\u015fhis edilmesi i\u00e7in yeterli olabilir.<\/p>\n<p>Gerlach&#8217;\u0131n ilk sorgulamalar\u0131nda yer alan di\u011fer bir polis \u015fahidi bilgi verdi. Gayet net \u015fu ortaya \u00e7\u0131k\u0131yordu: Gerlach sadece,  polislerin zaten bildiklerini tahmin ederek, itiraf da bulundu. Gerlach sonradan, federal hakimler heyetindeki soru\u015fturma hakimine verdi\u011fi ifadelerin, yani sadece kendi kimlik belgelerinden dolay\u0131 \u00e7ok say\u0131da cinayetler uygulanabilmesi, dava s\u00fcrecinde okulanabilme ihtimali oldu\u011funu kavray\u0131nca, ad\u0131m ad\u0131m daha fazla bilgi verdi\u011fi bununla da gayet net anla\u015f\u0131l\u0131yordu. <\/p>\n","protected":false},"excerpt":{"rendered":"<p>Facia ara\u015ft\u0131rma \u00e7al\u0131\u015fmalar\u0131 facia dava g\u00fcnleri \u00fc\u011fretiyor Dava g\u00fcn\u00fcn ilk yar\u0131s\u0131, polisin ara\u015ft\u0131rma \u00e7al\u0131\u015fmalar\u0131n\u0131n kalitesinin nekadar k\u00f6t\u00fc oldu\u011fu mahkeme salonunda g\u00f6r\u00fcld\u00fc. Carsten Schultze&#8217;nin ifadesinde, B\u00f6hnhardt ve Mundlos&#8217;a verdi\u011fi susturucu silah muhtemelen Ceska silah\u0131 oldu\u011funu belirtmi\u015fti. \u015eunu belirti: Bir sorguda ona, \u00e7e\u015fitli silahlar, siyah beyaz kalitesi k\u00f6t\u00fc olan kopiler g\u00f6sterildi. Ba\u015fka bir sorguda da \u00e7e\u015fitli silahlar [&hellip;]<\/p>\n","protected":false},"author":1,"featured_media":0,"comment_status":"closed","ping_status":"closed","sticky":false,"template":"","format":"standard","meta":{"_s2mail":"","footnotes":""},"categories":[1],"tags":[],"class_list":["post-152","post","type-post","status-publish","format-standard","hentry","category-allgemein"],"_links":{"self":[{"href":"https:\/\/www.nsu-nebenklage.de\/tr\/wp-json\/wp\/v2\/posts\/152","targetHints":{"allow":["GET"]}}],"collection":[{"href":"https:\/\/www.nsu-nebenklage.de\/tr\/wp-json\/wp\/v2\/posts"}],"about":[{"href":"https:\/\/www.nsu-nebenklage.de\/tr\/wp-json\/wp\/v2\/types\/post"}],"author":[{"embeddable":true,"href":"https:\/\/www.nsu-nebenklage.de\/tr\/wp-json\/wp\/v2\/users\/1"}],"replies":[{"embeddable":true,"href":"https:\/\/www.nsu-nebenklage.de\/tr\/wp-json\/wp\/v2\/comments?post=152"}],"version-history":[{"count":0,"href":"https:\/\/www.nsu-nebenklage.de\/tr\/wp-json\/wp\/v2\/posts\/152\/revisions"}],"wp:attachment":[{"href":"https:\/\/www.nsu-nebenklage.de\/tr\/wp-json\/wp\/v2\/media?parent=152"}],"wp:term":[{"taxonomy":"category","embeddable":true,"href":"https:\/\/www.nsu-nebenklage.de\/tr\/wp-json\/wp\/v2\/categories?post=152"},{"taxonomy":"post_tag","embeddable":true,"href":"https:\/\/www.nsu-nebenklage.de\/tr\/wp-json\/wp\/v2\/tags?post=152"}],"curies":[{"name":"wp","href":"https:\/\/api.w.org\/{rel}","templated":true}]}}