{"id":1521,"date":"2018-02-21T14:33:45","date_gmt":"2018-02-21T13:33:45","guid":{"rendered":"http:\/\/www.nsu-nebenklage.de\/tr\/?p=1521"},"modified":"2018-02-21T14:33:45","modified_gmt":"2018-02-21T13:33:45","slug":"20-02-2018","status":"publish","type":"post","link":"https:\/\/www.nsu-nebenklage.de\/tr\/2018\/02\/21\/20-02-2018\/","title":{"rendered":"20.02.2018"},"content":{"rendered":"<p>Mahkeme bug\u00fcn asl\u0131nda sadece banka soygunlar\u0131nda ele ge\u00e7irilen ganimetin<br \/>\ntahsili ile igili karar\u0131n, bu h\u00fck\u00fcm yerine ayr\u0131 bir dava kapsam\u0131nda<br \/>\nverilip verilmemesine karar vermek istiyordu.<\/p>\n<p>Ancak planlanan bu k\u0131sa program da ger\u00e7ekle\u015femedi. Bunun yerine<br \/>\nZsch\u00e4pe&#8217;nin avukat\u0131 Grasel&#8217;in hasta oldu\u011fu gerek\u00e7esiyle b\u00fct\u00fcn duru\u015fma<br \/>\nhaftas\u0131 iptal oldu.<\/p>\n","protected":false},"excerpt":{"rendered":"<p>Mahkeme bug\u00fcn asl\u0131nda sadece banka soygunlar\u0131nda ele ge\u00e7irilen ganimetin tahsili ile igili karar\u0131n, bu h\u00fck\u00fcm yerine ayr\u0131 bir dava kapsam\u0131nda verilip verilmemesine karar vermek istiyordu. Ancak planlanan bu k\u0131sa program da ger\u00e7ekle\u015femedi. Bunun yerine Zsch\u00e4pe&#8217;nin avukat\u0131 Grasel&#8217;in hasta oldu\u011fu gerek\u00e7esiyle b\u00fct\u00fcn duru\u015fma haftas\u0131 iptal oldu.<\/p>\n","protected":false},"author":1,"featured_media":0,"comment_status":"closed","ping_status":"closed","sticky":false,"template":"","format":"standard","meta":{"_s2mail":"yes","footnotes":""},"categories":[1],"tags":[],"class_list":["post-1521","post","type-post","status-publish","format-standard","hentry","category-allgemein"],"_links":{"self":[{"href":"https:\/\/www.nsu-nebenklage.de\/tr\/wp-json\/wp\/v2\/posts\/1521","targetHints":{"allow":["GET"]}}],"collection":[{"href":"https:\/\/www.nsu-nebenklage.de\/tr\/wp-json\/wp\/v2\/posts"}],"about":[{"href":"https:\/\/www.nsu-nebenklage.de\/tr\/wp-json\/wp\/v2\/types\/post"}],"author":[{"embeddable":true,"href":"https:\/\/www.nsu-nebenklage.de\/tr\/wp-json\/wp\/v2\/users\/1"}],"replies":[{"embeddable":true,"href":"https:\/\/www.nsu-nebenklage.de\/tr\/wp-json\/wp\/v2\/comments?post=1521"}],"version-history":[{"count":1,"href":"https:\/\/www.nsu-nebenklage.de\/tr\/wp-json\/wp\/v2\/posts\/1521\/revisions"}],"predecessor-version":[{"id":1522,"href":"https:\/\/www.nsu-nebenklage.de\/tr\/wp-json\/wp\/v2\/posts\/1521\/revisions\/1522"}],"wp:attachment":[{"href":"https:\/\/www.nsu-nebenklage.de\/tr\/wp-json\/wp\/v2\/media?parent=1521"}],"wp:term":[{"taxonomy":"category","embeddable":true,"href":"https:\/\/www.nsu-nebenklage.de\/tr\/wp-json\/wp\/v2\/categories?post=1521"},{"taxonomy":"post_tag","embeddable":true,"href":"https:\/\/www.nsu-nebenklage.de\/tr\/wp-json\/wp\/v2\/tags?post=1521"}],"curies":[{"name":"wp","href":"https:\/\/api.w.org\/{rel}","templated":true}]}}