{"id":153,"date":"2013-07-09T22:09:02","date_gmt":"2013-07-09T20:09:02","guid":{"rendered":"http:\/\/www.nsu-nebenklage.de\/tr\/?p=153"},"modified":"2013-07-24T13:27:45","modified_gmt":"2013-07-24T11:27:45","slug":"09-07-2013","status":"publish","type":"post","link":"https:\/\/www.nsu-nebenklage.de\/tr\/2013\/07\/09\/09-07-2013\/","title":{"rendered":"09.07.2013"},"content":{"rendered":"<h4>Holger Gerlach&#8217;\u0131n \u00f6nceki ifadelere<\/h4>\n<p>\u00d6\u011flenden \u00f6nce, savc\u0131 federal avukatlar birli\u011finden Dr. Moldenhauer taraf\u0131ndan sorguland\u0131. Delil konusu, Holger Gerlach&#8217;\u0131n federal hakimler heyetindeki soru\u015fturma hakimine verdi\u011fi ifadelerdi. Gerlach &#8216;\u00fc\u00e7\u00fcne&#8217; birka\u00e7 defa kimlik belgelerini verdi. Belgeler, mobil evleri kiralamak i\u00e7in kulan\u0131ld\u0131 ve NSU&#8217;nun cinayet darbeleri ve soygunlar\u0131 mobil evlerden yap\u0131ld\u0131. Ayr\u0131ca Gerlach 2011&#8217;de yeni bir pasaport \u00e7\u0131kart\u0131rd\u0131. O resimde Uwe B\u00f6hnhardt&#8217;a \u00e7ok benziyordu ve resim i\u00e7in \u00f6zellikle d\u0131\u015f g\u00f6r\u00fcnt\u00fcs\u00fcn\u00fc de\u011fi\u015ftirmi\u015fti.<\/p>\n<p>Gerlach \u015fahide, o zamanlar art\u0131k &#8216;\u00fc\u00e7 ki\u015fiye&#8217;  kar\u015f\u0131 tutuklama emri olmad\u0131\u011f\u0131n\u0131 san\u0131d\u0131\u011f\u0131 i\u00e7indi yard\u0131m\u0131, demi\u015fti. Ba\u015flang\u0131\u00e7taki yapt\u0131klar\u0131 i\u015flerden dolay\u0131 i\u00e7in olan su\u00e7lamalar, zamana\u015f\u0131m\u0131na u\u011fran\u0131ld\u0131\u011f\u0131n\u0131 gazetede okumu\u015f. Ayr\u0131ca onlar, Gerlach&#8217;a bilgisayar d\u00fckkan\u0131n\u0131 i\u015fletiklerini demi\u015fler. Bulu\u015fmalara pahal\u0131 ve yeni arabalarla gelmi\u015fler.<\/p>\n<p>\u015eahide anlat\u0131\u011f\u0131: &#8216;D\u00fcnya 5 ki\u015fiyle kurtar\u0131lmaz&#8217;. Bu s\u00f6zc\u00fc\u011f\u00fc &#8216;\u00fc\u00e7\u00fcne&#8217; on y\u0131l evvel bir g\u00f6r\u00fc\u015fmede demi\u015f. Ger\u00e7i Gerlach ger\u00e7ekten &#8216;\u00fc\u00e7\u00fcn\u00fcn&#8217; aran\u0131lmad\u0131\u011f\u0131n\u0131 ve onlar\u0131n yeterli paralar\u0131 oldu\u011funu d\u00fc\u015f\u00fcnd\u00fcyse, ozaman en ge\u00e7 bu konu\u015fmadan sonra kesin onlar\u0131n kendi belgelerini idiolojik hizalanm\u0131\u015f su\u00e7lar i\u00e7in kulan\u0131ld\u0131\u011f\u0131n\u0131 hesaba katm\u0131\u015ft\u0131r. <\/p>\n<p>Konu, Wohllebenden ald\u0131\u011f\u0131 silah\u0131, &#8216;\u00fc\u00e7\u00fcne&#8217; teslim etti\u011fine gelince, Gerlach s\u0131rayla \u015fahitlere kar\u015f\u0131 koruma iddialarla ka\u00e7amak yapamaya \u00e7al\u0131\u015f\u0131yordu. Ya onun eline ge\u00e7en \u00e7antaya bakmad\u0131\u011f\u0131n\u0131 ya da kimseye zarar gelmeden o silah\u0131 yok etme f\u0131rsat\u0131n\u0131 g\u00f6remedi\u011fini, anlat\u0131yordu. <\/p>\n<p>Nispeten beklenilmeyen Eminger&#8217;nin savunmac\u0131s\u0131 bir dilek\u00e7ede bulundu: Eminger ve savunmac\u0131lar\u0131, c\u00fcr\u00fcm b\u00fct\u00fcnl\u00fcl\u00fckte ve Eminger&#8217;in dolays\u0131z kat\u0131l\u0131m\u0131yla su\u00e7lan\u0131lmayan olaylar, i\u015flenilen dava g\u00fcnlerinde izinli olmalar\u0131n\u0131, taleb etti. B\u00fct\u00fcn dava g\u00fcnlerinde i\u015flenilen olaylar, ter\u00f6r organizasyon taraf\u0131ndan uyguland\u0131\u011f\u0131 i\u00e7in ve Eminger de bunlara yard\u0131mda bulundu\u011fu su\u00e7la k\u0131l\u0131nd\u0131\u011f\u0131 i\u00e7in, bu dilek\u00e7e onlara az umut vericidir. <\/p>\n<p>Dava g\u00fcn\u00fcn\u00fcn sonunda, Enver \u015eim\u015fek&#8217;in bulunma durumu \u00fczerine, iki polis \u015fahidi bilgi verdi. Kendisi \u00e7i\u00e7ek\u00e7i d\u00fckkan\u0131nda \u00f6ld\u00fcr\u00fcld\u00fc.<\/p>\n","protected":false},"excerpt":{"rendered":"<p>Holger Gerlach&#8217;\u0131n \u00f6nceki ifadelere \u00d6\u011flenden \u00f6nce, savc\u0131 federal avukatlar birli\u011finden Dr. Moldenhauer taraf\u0131ndan sorguland\u0131. Delil konusu, Holger Gerlach&#8217;\u0131n federal hakimler heyetindeki soru\u015fturma hakimine verdi\u011fi ifadelerdi. Gerlach &#8216;\u00fc\u00e7\u00fcne&#8217; birka\u00e7 defa kimlik belgelerini verdi. Belgeler, mobil evleri kiralamak i\u00e7in kulan\u0131ld\u0131 ve NSU&#8217;nun cinayet darbeleri ve soygunlar\u0131 mobil evlerden yap\u0131ld\u0131. Ayr\u0131ca Gerlach 2011&#8217;de yeni bir pasaport \u00e7\u0131kart\u0131rd\u0131. O [&hellip;]<\/p>\n","protected":false},"author":1,"featured_media":0,"comment_status":"closed","ping_status":"closed","sticky":false,"template":"","format":"standard","meta":{"_s2mail":"","footnotes":""},"categories":[1],"tags":[],"class_list":["post-153","post","type-post","status-publish","format-standard","hentry","category-allgemein"],"_links":{"self":[{"href":"https:\/\/www.nsu-nebenklage.de\/tr\/wp-json\/wp\/v2\/posts\/153","targetHints":{"allow":["GET"]}}],"collection":[{"href":"https:\/\/www.nsu-nebenklage.de\/tr\/wp-json\/wp\/v2\/posts"}],"about":[{"href":"https:\/\/www.nsu-nebenklage.de\/tr\/wp-json\/wp\/v2\/types\/post"}],"author":[{"embeddable":true,"href":"https:\/\/www.nsu-nebenklage.de\/tr\/wp-json\/wp\/v2\/users\/1"}],"replies":[{"embeddable":true,"href":"https:\/\/www.nsu-nebenklage.de\/tr\/wp-json\/wp\/v2\/comments?post=153"}],"version-history":[{"count":0,"href":"https:\/\/www.nsu-nebenklage.de\/tr\/wp-json\/wp\/v2\/posts\/153\/revisions"}],"wp:attachment":[{"href":"https:\/\/www.nsu-nebenklage.de\/tr\/wp-json\/wp\/v2\/media?parent=153"}],"wp:term":[{"taxonomy":"category","embeddable":true,"href":"https:\/\/www.nsu-nebenklage.de\/tr\/wp-json\/wp\/v2\/categories?post=153"},{"taxonomy":"post_tag","embeddable":true,"href":"https:\/\/www.nsu-nebenklage.de\/tr\/wp-json\/wp\/v2\/tags?post=153"}],"curies":[{"name":"wp","href":"https:\/\/api.w.org\/{rel}","templated":true}]}}