{"id":1533,"date":"2018-03-18T13:48:05","date_gmt":"2018-03-18T12:48:05","guid":{"rendered":"http:\/\/www.nsu-nebenklage.de\/tr\/?p=1533"},"modified":"2018-03-18T13:48:05","modified_gmt":"2018-03-18T12:48:05","slug":"16-03-2018","status":"publish","type":"post","link":"https:\/\/www.nsu-nebenklage.de\/tr\/2018\/03\/18\/16-03-2018\/","title":{"rendered":"16.03.2018"},"content":{"rendered":"<h4>20 Mart 2018 tarihli duru\u015fma iptal edildi<\/h4>\n<p>\u00d6n\u00fcm\u00fczdeki Sal\u0131 g\u00fcn\u00fc ger\u00e7ekle\u015fecek olan duru\u015fma &#8220;bir ba\u015fka red<br \/>\ndilek\u00e7esinin daha verilmesi nedeniyle iptal edildi.&#8221;<\/p>\n<p>Duru\u015fmaya 21 Mart 2018 \u00c7ar\u015famba g\u00fcn\u00fc devam edilecek.<\/p>\n","protected":false},"excerpt":{"rendered":"<p>20 Mart 2018 tarihli duru\u015fma iptal edildi \u00d6n\u00fcm\u00fczdeki Sal\u0131 g\u00fcn\u00fc ger\u00e7ekle\u015fecek olan duru\u015fma &#8220;bir ba\u015fka red dilek\u00e7esinin daha verilmesi nedeniyle iptal edildi.&#8221; Duru\u015fmaya 21 Mart 2018 \u00c7ar\u015famba g\u00fcn\u00fc devam edilecek.<\/p>\n","protected":false},"author":1,"featured_media":0,"comment_status":"closed","ping_status":"closed","sticky":false,"template":"","format":"standard","meta":{"_s2mail":"yes","footnotes":""},"categories":[1],"tags":[],"class_list":["post-1533","post","type-post","status-publish","format-standard","hentry","category-allgemein"],"_links":{"self":[{"href":"https:\/\/www.nsu-nebenklage.de\/tr\/wp-json\/wp\/v2\/posts\/1533","targetHints":{"allow":["GET"]}}],"collection":[{"href":"https:\/\/www.nsu-nebenklage.de\/tr\/wp-json\/wp\/v2\/posts"}],"about":[{"href":"https:\/\/www.nsu-nebenklage.de\/tr\/wp-json\/wp\/v2\/types\/post"}],"author":[{"embeddable":true,"href":"https:\/\/www.nsu-nebenklage.de\/tr\/wp-json\/wp\/v2\/users\/1"}],"replies":[{"embeddable":true,"href":"https:\/\/www.nsu-nebenklage.de\/tr\/wp-json\/wp\/v2\/comments?post=1533"}],"version-history":[{"count":1,"href":"https:\/\/www.nsu-nebenklage.de\/tr\/wp-json\/wp\/v2\/posts\/1533\/revisions"}],"predecessor-version":[{"id":1534,"href":"https:\/\/www.nsu-nebenklage.de\/tr\/wp-json\/wp\/v2\/posts\/1533\/revisions\/1534"}],"wp:attachment":[{"href":"https:\/\/www.nsu-nebenklage.de\/tr\/wp-json\/wp\/v2\/media?parent=1533"}],"wp:term":[{"taxonomy":"category","embeddable":true,"href":"https:\/\/www.nsu-nebenklage.de\/tr\/wp-json\/wp\/v2\/categories?post=1533"},{"taxonomy":"post_tag","embeddable":true,"href":"https:\/\/www.nsu-nebenklage.de\/tr\/wp-json\/wp\/v2\/tags?post=1533"}],"curies":[{"name":"wp","href":"https:\/\/api.w.org\/{rel}","templated":true}]}}