{"id":1535,"date":"2018-03-23T11:22:49","date_gmt":"2018-03-23T10:22:49","guid":{"rendered":"http:\/\/www.nsu-nebenklage.de\/tr\/?p=1535"},"modified":"2018-03-23T11:22:49","modified_gmt":"2018-03-23T10:22:49","slug":"21-03-2018","status":"publish","type":"post","link":"https:\/\/www.nsu-nebenklage.de\/tr\/2018\/03\/23\/21-03-2018\/","title":{"rendered":"21.03.2018"},"content":{"rendered":"<h4>Savunman\u0131n m\u00fctalaalar\u0131na muhtemelen yar\u0131n ba\u015flanacak<\/h4>\n<p>Bug\u00fcnk\u00fc duru\u015fman\u0131n ba\u015flamas\u0131 11:30&#8217;u buldu. Wohlleben&#8217;in savunmas\u0131n\u0131n vermi\u015f oldu\u011fu reddi hakim dilek\u00e7esinin reddedilmesi biraz zaman ald\u0131. Mahkeme bunun ard\u0131ndan 1997 y\u0131l\u0131na girilirken -delillere g\u00f6re \u201cJena Silah Arkada\u015fl\u0131\u011f\u0131\u201d \u00fcyeleri taraf\u0131ndan- yollanm\u0131\u015f olan bombal\u0131 mektup tuzaklar\u0131yla ilgili birka\u00e7 polis raporunu okudu. Meslekta\u015f\u0131m\u0131z Peer Stolle m\u00fctalaas\u0131nda bu olaylara da de\u011finerek neden daha o zamanlar NSU&#8217;nun \u00f6nc\u00fcl\u00fc olan bir su\u00e7 \u00f6rg\u00fct\u00fcn\u00fcn varl\u0131\u011f\u0131ndan yola \u00e7\u0131k\u0131lmas\u0131 gerekti\u011fini a\u00e7\u0131klam\u0131\u015ft\u0131.<\/p>\n<p>Bunun ard\u0131ndan ak\u015fam\u00fcst\u00fcn\u00fcn erken saatlerinde Zsch\u00e4pe&#8217;nin avukatlar\u0131n\u0131n m\u00fctalaalar\u0131na ba\u015flamalar\u0131 gerekiyordu ama avukat Borchert Zsch\u00e4pe&#8217;nin hasta oldu\u011funu duyurdu. K\u0131sa bir doktor muayenesinin ard\u0131ndan duru\u015fma ve onunla birlikte Borchert ile Grasel&#8217;in m\u00fctalaalar\u0131n\u0131n ba\u015flang\u0131c\u0131 yar\u0131na ertelendi.<\/p>\n<p>Bug\u00fcn Ralf Wohlleben&#8217;in kar\u0131s\u0131n\u0131n yan\u0131 s\u0131ra Susann Eminger de kocas\u0131 i\u00e7in mahkeme salonundayd\u0131. Susann Eminger&#8217;e kar\u015f\u0131 NSU&#8217;yu destekleme \u015f\u00fcphesiyle soru\u015fturma y\u00fcr\u00fct\u00fcl\u00fcyor.<\/p>\n","protected":false},"excerpt":{"rendered":"<p>Savunman\u0131n m\u00fctalaalar\u0131na muhtemelen yar\u0131n ba\u015flanacak Bug\u00fcnk\u00fc duru\u015fman\u0131n ba\u015flamas\u0131 11:30&#8217;u buldu. Wohlleben&#8217;in savunmas\u0131n\u0131n vermi\u015f oldu\u011fu reddi hakim dilek\u00e7esinin reddedilmesi biraz zaman ald\u0131. Mahkeme bunun ard\u0131ndan 1997 y\u0131l\u0131na girilirken -delillere g\u00f6re \u201cJena Silah Arkada\u015fl\u0131\u011f\u0131\u201d \u00fcyeleri taraf\u0131ndan- yollanm\u0131\u015f olan bombal\u0131 mektup tuzaklar\u0131yla ilgili birka\u00e7 polis raporunu okudu. Meslekta\u015f\u0131m\u0131z Peer Stolle m\u00fctalaas\u0131nda bu olaylara da de\u011finerek neden daha o [&hellip;]<\/p>\n","protected":false},"author":1,"featured_media":0,"comment_status":"closed","ping_status":"closed","sticky":false,"template":"","format":"standard","meta":{"_s2mail":"yes","footnotes":""},"categories":[1],"tags":[],"class_list":["post-1535","post","type-post","status-publish","format-standard","hentry","category-allgemein"],"_links":{"self":[{"href":"https:\/\/www.nsu-nebenklage.de\/tr\/wp-json\/wp\/v2\/posts\/1535","targetHints":{"allow":["GET"]}}],"collection":[{"href":"https:\/\/www.nsu-nebenklage.de\/tr\/wp-json\/wp\/v2\/posts"}],"about":[{"href":"https:\/\/www.nsu-nebenklage.de\/tr\/wp-json\/wp\/v2\/types\/post"}],"author":[{"embeddable":true,"href":"https:\/\/www.nsu-nebenklage.de\/tr\/wp-json\/wp\/v2\/users\/1"}],"replies":[{"embeddable":true,"href":"https:\/\/www.nsu-nebenklage.de\/tr\/wp-json\/wp\/v2\/comments?post=1535"}],"version-history":[{"count":1,"href":"https:\/\/www.nsu-nebenklage.de\/tr\/wp-json\/wp\/v2\/posts\/1535\/revisions"}],"predecessor-version":[{"id":1536,"href":"https:\/\/www.nsu-nebenklage.de\/tr\/wp-json\/wp\/v2\/posts\/1535\/revisions\/1536"}],"wp:attachment":[{"href":"https:\/\/www.nsu-nebenklage.de\/tr\/wp-json\/wp\/v2\/media?parent=1535"}],"wp:term":[{"taxonomy":"category","embeddable":true,"href":"https:\/\/www.nsu-nebenklage.de\/tr\/wp-json\/wp\/v2\/categories?post=1535"},{"taxonomy":"post_tag","embeddable":true,"href":"https:\/\/www.nsu-nebenklage.de\/tr\/wp-json\/wp\/v2\/tags?post=1535"}],"curies":[{"name":"wp","href":"https:\/\/api.w.org\/{rel}","templated":true}]}}