{"id":1572,"date":"2018-06-08T09:40:02","date_gmt":"2018-06-08T07:40:02","guid":{"rendered":"http:\/\/www.nsu-nebenklage.de\/tr\/?p=1572"},"modified":"2018-06-08T09:40:02","modified_gmt":"2018-06-08T07:40:02","slug":"06-06-2018","status":"publish","type":"post","link":"https:\/\/www.nsu-nebenklage.de\/tr\/2018\/06\/08\/06-06-2018\/","title":{"rendered":"06.06.2018"},"content":{"rendered":"<h4>Fr\u00fchlingstra\u00dfe&#8217;deki yang\u0131nla ilgili m\u00fctalaa ba\u015flad\u0131<\/h4>\n<p>Avukat Heer bug\u00fcn m\u00fctalaas\u0131n\u0131n Fr\u00fchlingstra\u00dfe&#8217;deki yang\u0131nla ilgili\u00a0b\u00f6l\u00fcm\u00fcne ba\u015flad\u0131. Bunu al\u0131\u015f\u0131ld\u0131k k\u0131l\u0131 k\u0131rk yaran ve detayl\u0131 tarz\u0131yla\u00a0yapt\u0131\u011f\u0131ndan m\u00fctalaas\u0131n\u0131 bug\u00fcn de bitirmedi. Bu m\u00fctalaay\u0131 yar\u0131n\u00a0bitmesinin ard\u0131ndan ele alaca\u011f\u0131z.<\/p>\n","protected":false},"excerpt":{"rendered":"<p>Fr\u00fchlingstra\u00dfe&#8217;deki yang\u0131nla ilgili m\u00fctalaa ba\u015flad\u0131 Avukat Heer bug\u00fcn m\u00fctalaas\u0131n\u0131n Fr\u00fchlingstra\u00dfe&#8217;deki yang\u0131nla ilgili\u00a0b\u00f6l\u00fcm\u00fcne ba\u015flad\u0131. Bunu al\u0131\u015f\u0131ld\u0131k k\u0131l\u0131 k\u0131rk yaran ve detayl\u0131 tarz\u0131yla\u00a0yapt\u0131\u011f\u0131ndan m\u00fctalaas\u0131n\u0131 bug\u00fcn de bitirmedi. Bu m\u00fctalaay\u0131 yar\u0131n\u00a0bitmesinin ard\u0131ndan ele alaca\u011f\u0131z.<\/p>\n","protected":false},"author":1,"featured_media":0,"comment_status":"closed","ping_status":"closed","sticky":false,"template":"","format":"standard","meta":{"_s2mail":"yes","footnotes":""},"categories":[1],"tags":[],"class_list":["post-1572","post","type-post","status-publish","format-standard","hentry","category-allgemein"],"_links":{"self":[{"href":"https:\/\/www.nsu-nebenklage.de\/tr\/wp-json\/wp\/v2\/posts\/1572","targetHints":{"allow":["GET"]}}],"collection":[{"href":"https:\/\/www.nsu-nebenklage.de\/tr\/wp-json\/wp\/v2\/posts"}],"about":[{"href":"https:\/\/www.nsu-nebenklage.de\/tr\/wp-json\/wp\/v2\/types\/post"}],"author":[{"embeddable":true,"href":"https:\/\/www.nsu-nebenklage.de\/tr\/wp-json\/wp\/v2\/users\/1"}],"replies":[{"embeddable":true,"href":"https:\/\/www.nsu-nebenklage.de\/tr\/wp-json\/wp\/v2\/comments?post=1572"}],"version-history":[{"count":1,"href":"https:\/\/www.nsu-nebenklage.de\/tr\/wp-json\/wp\/v2\/posts\/1572\/revisions"}],"predecessor-version":[{"id":1573,"href":"https:\/\/www.nsu-nebenklage.de\/tr\/wp-json\/wp\/v2\/posts\/1572\/revisions\/1573"}],"wp:attachment":[{"href":"https:\/\/www.nsu-nebenklage.de\/tr\/wp-json\/wp\/v2\/media?parent=1572"}],"wp:term":[{"taxonomy":"category","embeddable":true,"href":"https:\/\/www.nsu-nebenklage.de\/tr\/wp-json\/wp\/v2\/categories?post=1572"},{"taxonomy":"post_tag","embeddable":true,"href":"https:\/\/www.nsu-nebenklage.de\/tr\/wp-json\/wp\/v2\/tags?post=1572"}],"curies":[{"name":"wp","href":"https:\/\/api.w.org\/{rel}","templated":true}]}}