{"id":171,"date":"2013-07-30T16:20:47","date_gmt":"2013-07-30T14:20:47","guid":{"rendered":"http:\/\/www.nsu-nebenklage.de\/tr\/?p=171"},"modified":"2013-07-31T18:19:38","modified_gmt":"2013-07-31T16:19:38","slug":"30-07-2013","status":"publish","type":"post","link":"https:\/\/www.nsu-nebenklage.de\/tr\/2013\/07\/30\/30-07-2013\/","title":{"rendered":"30.07.2013"},"content":{"rendered":"<h4>Fr\u00fchlings soka\u011f\u0131ndaki ya\u015fl\u0131 bayan<\/h4>\n<p>Mahkeme, Zwickau&#8217;un Fr\u00fchlings soka\u011f\u0131ndaki yang\u0131nla ilgili \u00fc\u00e7 \u015fahit sorgulad\u0131. \u015eahitler ya\u015fl\u0131 bayan\u0131n yak\u0131nlar\u0131d\u0131r ve bu ya\u015fl\u0131 bayan &#8216;(NSU&#8217;nun)\u00fc\u00e7 ki\u015fiyle&#8217; kap\u0131 kom\u015fuydu. Yang\u0131n \u00e7\u0131kt\u0131ktan sonra, yak\u0131nlar\u0131n\u0131n biri ya\u015fl\u0131 kad\u0131n\u0131 g\u00fcvenlili\u011fe \u00e7\u0131kard\u0131.<\/p>\n<p>\u0130fadelerden \u015fu gayet net ortadayd\u0131: &#8216;\u00dc\u00e7 ki\u015fiye&#8217; kap\u0131 kom\u015fu olan bayan\u0131n sa\u011fl\u0131k sorunu oldu\u011funu, \u00f6zellikle y\u00fcr\u00fcmekte sorluk \u00e7ekti\u011fini ve sa\u011f\u0131rl\u0131\u011f\u0131 i\u015fiten biri oldu\u011funu ayr\u0131ca Beate Zsch\u00e4pe de bunu bildi\u011fi ortaya \u00e7\u0131kt\u0131. Davac\u0131lar ona, kom\u015fusuna kar\u015f\u0131 denenilen cinayet su\u00e7lamas\u0131nda bulunuyorlar. Bug\u00fcnki ifadelerden, bu yang\u0131n kad\u0131n i\u00e7in a\u011f\u0131r hayat tehlikesi oldu\u011fu, anla\u015f\u0131ld\u0131. Devam\u0131nda ya\u015fl\u0131 kad\u0131n\u0131n, yang\u0131n\u0131 ve kendi evinin kaybetmesini \u00e7ok zor kald\u0131rabildi\u011fi, belli oldu.<\/p>\n<p>Yang\u0131n \u00e7\u0131kt\u0131\u011f\u0131ndan bir hafta \u00f6ncesi, birka\u00e7 \u015fahit, Zsch\u00e4pe &#8216;yi elinde kedi sepetlernen y\u00fcr\u00fcd\u00fc\u011f\u00fcn\u00fc g\u00f6rd\u00fcklerini, bir bayan \u015fahidi belirti. Sadece Zsch\u00e4pe &#8216;nin hangi elbise gi\u011fdi\u011fine dair olan soruda ayn\u0131 cevablamad\u0131lar.<\/p>\n<p>Zsch\u00e4pe&#8217;nin savunmac\u0131lar\u0131, \u015fahitlerinin ifadelerinde kayg\u0131 a\u00e7\u0131\u011fa koymaya \u00e7al\u0131\u015ft\u0131lar, fakat tam tersi oldu: Ya\u015fl\u0131 bayan\u0131n bir yi\u011feni, Zsch\u00e4pe Teyze sinin \u00f6l\u00fcm\u00fcn\u00fc g\u00f6ze ald\u0131\u011f\u0131n\u0131, poliste ifade etmi\u015fti. B\u00f6yle bir\u015feyi nas\u0131l d\u00fc\u015f\u00fcnebildi\u011fi soru soruldu. Kad\u0131n, Zsch\u00e4pe &#8216;ye kar\u015f\u0131ki olan su\u00e7lamas\u0131n\u0131 nas\u0131l kan\u0131tlanabilece\u011fini, haz\u0131r cevab halinde belirti: Patlamadan hemen evvel Zsch\u00e4pe binadan uzakla\u015ft\u0131. \u0130ki adam o zamanda \u00f6lm\u00fc\u015flerdi, ba\u015fka kim evi yakm\u0131\u015f olabilirdiki? Sorgulama a\u015fam\u0131nda, ya\u015fl\u0131 bayan\u0131n \u00fc\u00e7 bayan yi\u011fenleri her cuma \u00f6\u011flenden sonra teyzelerinde kahve i\u00e7meye gittikleri ortaya \u00e7\u0131kt\u0131. Sadece o g\u00fcn biraz geciktilerini dediler. Mahkeme Zsch\u00e4pe &#8216;yi, \u00fc\u00e7 ki\u015fiye kar\u015f\u0131 denenilen cinayetten de\u011filde alt\u0131 ki\u015fiye kar\u015f\u0131 denenilen cinayetten hukuki bir i\u015faret koyarm\u0131, daha beklenilmesi laz\u0131m.<\/p>\n","protected":false},"excerpt":{"rendered":"<p>Fr\u00fchlings soka\u011f\u0131ndaki ya\u015fl\u0131 bayan Mahkeme, Zwickau&#8217;un Fr\u00fchlings soka\u011f\u0131ndaki yang\u0131nla ilgili \u00fc\u00e7 \u015fahit sorgulad\u0131. \u015eahitler ya\u015fl\u0131 bayan\u0131n yak\u0131nlar\u0131d\u0131r ve bu ya\u015fl\u0131 bayan &#8216;(NSU&#8217;nun)\u00fc\u00e7 ki\u015fiyle&#8217; kap\u0131 kom\u015fuydu. Yang\u0131n \u00e7\u0131kt\u0131ktan sonra, yak\u0131nlar\u0131n\u0131n biri ya\u015fl\u0131 kad\u0131n\u0131 g\u00fcvenlili\u011fe \u00e7\u0131kard\u0131. \u0130fadelerden \u015fu gayet net ortadayd\u0131: &#8216;\u00dc\u00e7 ki\u015fiye&#8217; kap\u0131 kom\u015fu olan bayan\u0131n sa\u011fl\u0131k sorunu oldu\u011funu, \u00f6zellikle y\u00fcr\u00fcmekte sorluk \u00e7ekti\u011fini ve sa\u011f\u0131rl\u0131\u011f\u0131 i\u015fiten [&hellip;]<\/p>\n","protected":false},"author":1,"featured_media":0,"comment_status":"closed","ping_status":"closed","sticky":false,"template":"","format":"standard","meta":{"_s2mail":"","footnotes":""},"categories":[1],"tags":[],"class_list":["post-171","post","type-post","status-publish","format-standard","hentry","category-allgemein"],"_links":{"self":[{"href":"https:\/\/www.nsu-nebenklage.de\/tr\/wp-json\/wp\/v2\/posts\/171","targetHints":{"allow":["GET"]}}],"collection":[{"href":"https:\/\/www.nsu-nebenklage.de\/tr\/wp-json\/wp\/v2\/posts"}],"about":[{"href":"https:\/\/www.nsu-nebenklage.de\/tr\/wp-json\/wp\/v2\/types\/post"}],"author":[{"embeddable":true,"href":"https:\/\/www.nsu-nebenklage.de\/tr\/wp-json\/wp\/v2\/users\/1"}],"replies":[{"embeddable":true,"href":"https:\/\/www.nsu-nebenklage.de\/tr\/wp-json\/wp\/v2\/comments?post=171"}],"version-history":[{"count":0,"href":"https:\/\/www.nsu-nebenklage.de\/tr\/wp-json\/wp\/v2\/posts\/171\/revisions"}],"wp:attachment":[{"href":"https:\/\/www.nsu-nebenklage.de\/tr\/wp-json\/wp\/v2\/media?parent=171"}],"wp:term":[{"taxonomy":"category","embeddable":true,"href":"https:\/\/www.nsu-nebenklage.de\/tr\/wp-json\/wp\/v2\/categories?post=171"},{"taxonomy":"post_tag","embeddable":true,"href":"https:\/\/www.nsu-nebenklage.de\/tr\/wp-json\/wp\/v2\/tags?post=171"}],"curies":[{"name":"wp","href":"https:\/\/api.w.org\/{rel}","templated":true}]}}