{"id":208,"date":"2013-09-19T15:41:52","date_gmt":"2013-09-19T13:41:52","guid":{"rendered":"http:\/\/www.nsu-nebenklage.de\/tr\/?p=208"},"modified":"2013-09-20T07:47:08","modified_gmt":"2013-09-20T05:47:08","slug":"19-09-2013","status":"publish","type":"post","link":"https:\/\/www.nsu-nebenklage.de\/tr\/2013\/09\/19\/19-09-2013\/","title":{"rendered":"19.09.2013"},"content":{"rendered":"<h4>Mehmet Kuba\u015f\u0131k&#8217;\u0131n cinayetine<\/h4>\n<p>Per\u015fembe g\u00fcn\u00fcnde, \u00f6n yarg\u0131 dilek\u00e7elerinin hepsi gereksizlikten reddildikten sonra, ba\u015fkan direk d\u00fcndeme ge\u00e7ti. Mahkeme, 4. Nisan 2006&#8217;daki Mehmet Kuba\u015f\u0131k&#8217;\u0131n cinayeti ile ilgilendi. \u00c7e\u015fitli polis memurlar\u0131 \u015fahit olarak ifade verdi. \u00d6ld\u00fcr\u00fclenin dul kalan e\u015fi ve iki \u00e7ocuklar\u0131 mahkeme salonundaki olaylar\u0131 takib ettiler. Ayr\u0131ca bunlar davaya m\u00fcdahil davac\u0131 olarak kat\u0131ld\u0131lar.<\/p>\n<p>\u015eahitlerin ince sorgulama biraz zordu\u00f6 \u00e7\u00fcnk\u00fc ana bayan \u015fahit, olaydan evvel iki erkek &#8216;esrarc\u0131 veya nazi&#8217; g\u00f6rm\u00fc\u015f. Normalinde d\u00fcn i\u00e7in \u00e7a\u011f\u0131r\u0131lan bayan\u0131n ifadesi bu vesileyle dinlenilemedi. Polis memurlara, bu bayan \u015fahit ile ilgili tav\u0131rlar veya ifade gibi sorular, bundan dolay\u0131 bug\u00fcn sorulamad\u0131. Baz\u0131 memurlar birdaha \u00e7a\u011f\u0131r\u0131lacakt\u0131r. Kuba\u015f\u0131k&#8217;\u0131n m\u00fcdahil davac\u0131lar\u0131, memurlara birka\u00e7 soru sorulaca\u011f\u0131n\u0131 bildirdi.<\/p>\n<p>Yozgat&#8217;\u0131n m\u00fcdahil davac\u0131 taraf\u0131ndan, Kuba\u015f\u0131k&#8217;\u0131n cinayet davas\u0131yla ilgili, bir kan\u0131t dilek\u00e7esi sunuldu. Bir bayan \u015fahit olaydan birka\u00e7 g\u00fcn \u00f6nce Uwe Mundlos, Uwe B\u00f6hnhardt ve Beate Zsch\u00e4pe&#8217;yi bir i\u011fri yar\u0131 bir Skinhead ile, adam onlara bir arsada bir\u015fey g\u00f6sterirken, g\u00f6rm\u00fc\u015f. E\u011fer bu ifade mahkemenin \u00f6n\u00fcnde onaylan\u0131rsa ozaman bu bayan \u015fahit bu davan\u0131n devam\u0131 i\u00e7in \u00e7ok \u00f6nemli bir yer alacak: Bir yandan gayet net, m\u00fcdahil davac\u0131lar\u0131n ve antifa\u015fist grublar\u0131n \u015fimdiye kadar ki dedikleri \u00e7\u0131kacak. Yani, bu &#8216;\u00fc\u00e7&#8217; \u015fah\u0131z&#8217;\u0131n olaylarda d\u0131\u015fardan yani yerli nazi grublardan yard\u0131m ald\u0131klar\u0131 kan\u0131tlan\u0131r. Di\u011fer yandan bu ifade, Zsch\u00e4pe&#8217;nin bizzat bir olay yerinde oldu\u011funu ve NSU&#8217;nun i\u00e7inde e\u015fit haklara sahip olan bir \u00fcye oldu\u011funu g\u00f6sterir.<\/p>\n<p>Polis memurlar\u0131n sorgulamas\u0131nda, ba\u015fkan\u0131n m\u00fcdahil davac\u0131lara kar\u015f\u0131 daha anlay\u0131\u015fl\u0131 davrand\u0131. Davan\u0131n ba\u015f\u0131ndaki gibi davran\u0131\u015f\u0131 de\u011fildi. Ba\u015fkanda b\u00fcy\u00fck bir de\u011fi\u015fim oldu\u011fu gayet net fark edilebiliniyordu.<\/p>\n<p>Yan\u0131 s\u0131ra per\u015fembe g\u00fcn\u00fcnde Zwickau&#8217;daki Fr\u00fchlingsstrasse&#8217;den NSU&#8217;nun iki kom\u015fular\u0131ndan ifade al\u0131nd\u0131. Bunlar da, 4.11.2011&#8217;de yang\u0131n\u0131n ba\u015flang\u0131c\u0131nda, Beate Zsch\u00e4pe&#8217;yi, yanan binan\u0131n taraf\u0131ndan ka\u00e7t\u0131\u011f\u0131n\u0131, g\u00f6rm\u00fc\u015fler.<\/p>\n","protected":false},"excerpt":{"rendered":"<p>Mehmet Kuba\u015f\u0131k&#8217;\u0131n cinayetine Per\u015fembe g\u00fcn\u00fcnde, \u00f6n yarg\u0131 dilek\u00e7elerinin hepsi gereksizlikten reddildikten sonra, ba\u015fkan direk d\u00fcndeme ge\u00e7ti. Mahkeme, 4. Nisan 2006&#8217;daki Mehmet Kuba\u015f\u0131k&#8217;\u0131n cinayeti ile ilgilendi. \u00c7e\u015fitli polis memurlar\u0131 \u015fahit olarak ifade verdi. \u00d6ld\u00fcr\u00fclenin dul kalan e\u015fi ve iki \u00e7ocuklar\u0131 mahkeme salonundaki olaylar\u0131 takib ettiler. Ayr\u0131ca bunlar davaya m\u00fcdahil davac\u0131 olarak kat\u0131ld\u0131lar. \u015eahitlerin ince sorgulama biraz [&hellip;]<\/p>\n","protected":false},"author":1,"featured_media":0,"comment_status":"closed","ping_status":"closed","sticky":false,"template":"","format":"standard","meta":{"_s2mail":"","footnotes":""},"categories":[1],"tags":[],"class_list":["post-208","post","type-post","status-publish","format-standard","hentry","category-allgemein"],"_links":{"self":[{"href":"https:\/\/www.nsu-nebenklage.de\/tr\/wp-json\/wp\/v2\/posts\/208","targetHints":{"allow":["GET"]}}],"collection":[{"href":"https:\/\/www.nsu-nebenklage.de\/tr\/wp-json\/wp\/v2\/posts"}],"about":[{"href":"https:\/\/www.nsu-nebenklage.de\/tr\/wp-json\/wp\/v2\/types\/post"}],"author":[{"embeddable":true,"href":"https:\/\/www.nsu-nebenklage.de\/tr\/wp-json\/wp\/v2\/users\/1"}],"replies":[{"embeddable":true,"href":"https:\/\/www.nsu-nebenklage.de\/tr\/wp-json\/wp\/v2\/comments?post=208"}],"version-history":[{"count":0,"href":"https:\/\/www.nsu-nebenklage.de\/tr\/wp-json\/wp\/v2\/posts\/208\/revisions"}],"wp:attachment":[{"href":"https:\/\/www.nsu-nebenklage.de\/tr\/wp-json\/wp\/v2\/media?parent=208"}],"wp:term":[{"taxonomy":"category","embeddable":true,"href":"https:\/\/www.nsu-nebenklage.de\/tr\/wp-json\/wp\/v2\/categories?post=208"},{"taxonomy":"post_tag","embeddable":true,"href":"https:\/\/www.nsu-nebenklage.de\/tr\/wp-json\/wp\/v2\/tags?post=208"}],"curies":[{"name":"wp","href":"https:\/\/api.w.org\/{rel}","templated":true}]}}