{"id":222,"date":"2013-09-22T09:45:17","date_gmt":"2013-09-22T07:45:17","guid":{"rendered":"http:\/\/www.nsu-nebenklage.de\/tr\/?p=222"},"modified":"2013-09-25T09:46:32","modified_gmt":"2013-09-25T07:46:32","slug":"23-25-9-2013-gelecek-program","status":"publish","type":"post","link":"https:\/\/www.nsu-nebenklage.de\/tr\/2013\/09\/22\/23-25-9-2013-gelecek-program\/","title":{"rendered":"23.-25.9.2013 \u2013 Gelecek program"},"content":{"rendered":"<p>23.-25.9.2013 haftas\u0131nda davan\u0131n i\u00e7erisi Hamburg&#8217;da 27.06.2001&#8217;de S\u00fcleyman Ta\u015fk\u00f6pr\u00fc&#8217;n\u00fcn cinayeti, M\u00fcnih&#8217;de 15.06.2005&#8217;de Theodorus Boulgarides&#8217;in cinayeti ve Kassel&#8217;de 06.04.2006&#8217;da Halit Yozgat&#8217;\u0131n cinayeti olacak. Habil K\u0131l\u0131\u00e7&#8217;\u0131n cinayetin oldu\u011fu yere yak\u0131n pisiklet\u00e7iler hakk\u0131nda, pazartesi ek olarak bir bayan \u015fahit sorgulanacak.<\/p>\n<p>T\u00fcm program yine ertelenmezse, pazartesi ve sal\u0131 g\u00fcn\u00fcn\u00fcn baz\u0131 b\u00f6l\u00fcmlerinde, \u015fahitler, Hamburg&#8217;da \u00f6ld\u00fcr\u00fclen S\u00fcleyman Ta\u015fk\u00f6pr\u00fc&#8217;n\u00fcn bulunan hali ve polisin bu konudaki ara\u015ft\u0131rmalar, sorgulanacakt\u0131r. Sal\u0131n\u0131n di\u011fer b\u00f6l\u00fcm\u00fcnde ve \u00e7ar\u015famba Theodorus Boulgarides&#8217;in cinayetiyle ilgili \u015fahitler dinlenilecektir. \u00c7ar\u015famba \u00f6\u011flenden sonra Halit Yozgat&#8217;\u0131n cinayetiyle ilgili iki \u015fahit celp edilmi\u015ftir.<\/p>\n","protected":false},"excerpt":{"rendered":"<p>23.-25.9.2013 haftas\u0131nda davan\u0131n i\u00e7erisi Hamburg&#8217;da 27.06.2001&#8217;de S\u00fcleyman Ta\u015fk\u00f6pr\u00fc&#8217;n\u00fcn cinayeti, M\u00fcnih&#8217;de 15.06.2005&#8217;de Theodorus Boulgarides&#8217;in cinayeti ve Kassel&#8217;de 06.04.2006&#8217;da Halit Yozgat&#8217;\u0131n cinayeti olacak. Habil K\u0131l\u0131\u00e7&#8217;\u0131n cinayetin oldu\u011fu yere yak\u0131n pisiklet\u00e7iler hakk\u0131nda, pazartesi ek olarak bir bayan \u015fahit sorgulanacak. T\u00fcm program yine ertelenmezse, pazartesi ve sal\u0131 g\u00fcn\u00fcn\u00fcn baz\u0131 b\u00f6l\u00fcmlerinde, \u015fahitler, Hamburg&#8217;da \u00f6ld\u00fcr\u00fclen S\u00fcleyman Ta\u015fk\u00f6pr\u00fc&#8217;n\u00fcn bulunan hali ve polisin [&hellip;]<\/p>\n","protected":false},"author":1,"featured_media":0,"comment_status":"closed","ping_status":"closed","sticky":false,"template":"","format":"standard","meta":{"_s2mail":"","footnotes":""},"categories":[1],"tags":[],"class_list":["post-222","post","type-post","status-publish","format-standard","hentry","category-allgemein"],"_links":{"self":[{"href":"https:\/\/www.nsu-nebenklage.de\/tr\/wp-json\/wp\/v2\/posts\/222","targetHints":{"allow":["GET"]}}],"collection":[{"href":"https:\/\/www.nsu-nebenklage.de\/tr\/wp-json\/wp\/v2\/posts"}],"about":[{"href":"https:\/\/www.nsu-nebenklage.de\/tr\/wp-json\/wp\/v2\/types\/post"}],"author":[{"embeddable":true,"href":"https:\/\/www.nsu-nebenklage.de\/tr\/wp-json\/wp\/v2\/users\/1"}],"replies":[{"embeddable":true,"href":"https:\/\/www.nsu-nebenklage.de\/tr\/wp-json\/wp\/v2\/comments?post=222"}],"version-history":[{"count":0,"href":"https:\/\/www.nsu-nebenklage.de\/tr\/wp-json\/wp\/v2\/posts\/222\/revisions"}],"wp:attachment":[{"href":"https:\/\/www.nsu-nebenklage.de\/tr\/wp-json\/wp\/v2\/media?parent=222"}],"wp:term":[{"taxonomy":"category","embeddable":true,"href":"https:\/\/www.nsu-nebenklage.de\/tr\/wp-json\/wp\/v2\/categories?post=222"},{"taxonomy":"post_tag","embeddable":true,"href":"https:\/\/www.nsu-nebenklage.de\/tr\/wp-json\/wp\/v2\/tags?post=222"}],"curies":[{"name":"wp","href":"https:\/\/api.w.org\/{rel}","templated":true}]}}