{"id":245,"date":"2013-10-10T22:12:11","date_gmt":"2013-10-10T20:12:11","guid":{"rendered":"http:\/\/www.nsu-nebenklage.de\/tr\/?p=245"},"modified":"2013-10-11T15:07:48","modified_gmt":"2013-10-11T13:07:48","slug":"10-10-2013","status":"publish","type":"post","link":"https:\/\/www.nsu-nebenklage.de\/tr\/2013\/10\/10\/10-10-2013\/","title":{"rendered":"10.10.2013"},"content":{"rendered":"<h4>&#8216;Bac\u0131n\u0131z\u0131n e\u015finde temiz alman kan\u0131 yoktur, dediniz?&#8217; (Avukat Olaf Klemke, Ralf Wohlleben&#8217;nin savunmac\u0131s\u0131)<\/h4>\n<p>Bir polis memur sorgulamas\u0131ndan sonra, yeniden su\u00e7lu olan Carsten Schultze&#8217;nin, bu sefer<\/p>\n<p>Ralf Wohlleben&#8217;nin savunmac\u0131 taraf\u0131ndan, sorgulamaya ba\u015flay\u0131nca, gerilim \u00e7oktu.<\/p>\n<p>Ba\u015flang\u0131\u00e7ta Schultze, Wohlleben&#8217;nin savunmac\u0131 taraf\u0131ndan ki gelen sorular\u0131 reddetmi\u015fti. Kendisi haks\u0131zl\u0131\u011fa u\u011frad\u0131\u011f\u0131n\u0131 diyordu, \u00e7\u00fcnk\u00fc kendisi datail\u0131 ifade vermek zorundayken, Wohlleben susuyordu. Fakat sorgulamaya \u00fcstlenirse, hem inan\u0131rl\u0131l\u0131\u011f\u0131 y\u00fckselir ve belki cezan\u0131n daha az olaca\u011f\u0131n\u0131 kavrad\u0131 Schultze.<\/p>\n<p>Schultze Wohlleben&#8217;i a\u011f\u0131r y\u00fckliyor: Wohlleben ilegaliteye giren &#8216;\u00fc\u00e7l\u00fcye&#8217; hala ili\u015fkisini s\u00fcrd\u00fcrm\u00fc\u015f. Wohlleben&#8217;nin sipari\u015fi \u00fczeri, kendisi \u00c7eskay\u0131 al\u0131p &#8216;\u00fc\u00e7 ki\u015fiye&#8217; teslim etti. Schultze&#8217;nin ifadesi inand\u0131r\u0131c\u0131. \u00c7\u00fcnk\u00fc dava s\u00fcrecinde \u00f6nceden bilinmeyen bir ifadesiyle bir patlay\u0131c\u0131 suikast\u0131n\u0131 daha ortaya koydu.<\/p>\n<p>Buna g\u00f6re \u00e7o\u011fu ki\u015fi, Wohlleben&#8217;in savunmac\u0131s\u0131 taraf\u0131ndan detail\u0131 bir sorgulama bekliyor.<\/p>\n<p>Fakat beklentiler, gerilim durumuna g\u00f6re, yerine getirilmedi. Haf\u0131za kayb\u0131na yakla\u015ft\u0131ran, ama hi\u00e7bir anda cevaplama zorlu\u011funu girmeyen Schultze&#8217;ye, saatlerce sorular soruldu. Avukat Klemke, Schultze&#8217;nin nas\u0131l bir d\u00fc\u015f\u00fcnceye sahib oldu\u011funu a\u00e7\u0131\u011fa koydu. Avukat\u0131n &#8216;bac\u0131n\u0131z\u0131n e\u015finde temiz alman kan\u0131 yoktur, dediniz?&#8217; sorusuyla, Schultze&#8217;nin su\u00e7lulara nekadar yak\u0131n olan idyolojisini g\u00f6sterdi.<\/p>\n<p>Schultze&#8217;nin sorgulamas\u0131 be\u015f saat sonra bitti. Ana duru\u015fma, Berlinden m\u00fcdahil davac\u0131 temsilcisi avukat Stolle taraf\u0131ndan bir kan\u0131t dilek\u00e7esiyle, sonuna erdi.<\/p>\n<p>Dilek\u00e7esinin i\u00e7erisi: NSU-\u015f\u00fcpheli olan Andr\u00e8 Kapke&#8217;de bulunan &#8216;do\u011fum g\u00fcn\u00fc gazetesini&#8217; davaya ithal etmesi. Andr\u00e9 Kapke&#8217;nin do\u011fum g\u00fcn\u00fcnde, yani 24.08.1998&#8217;de Ralf Wohlleben ve ortak bir bayan arkada\u015flar\u0131 taraf\u0131ndan, B\u0130LD gazetesine benzeyen tasarlad\u0131klar\u0131 bir defterde, &#8216;komik&#8217; yaz\u0131lar bulundu. \u00d6rne\u011fin: Buchenwald&#8217;daki KZ&#8217;ini (Konzentrationslager-Hitler d\u00f6neminde kurulan toplama kamplar\u0131. Orda &#8216;tabloya&#8217; uymayan insanlar gaznan \u00f6ld\u00fcr\u00fcr\u00fcld\u00fc.) &#8216;gaz i\u00e7in benzin istasyonuna&#8217; d\u00f6n\u00fc\u015ft\u00fcrme. Ama \u00f6zellikle \u00e7ok say\u0131da, \u00f6nceden ilegaliteye ka\u00e7an B\u00f6hnhardt, Mundlos ve Zsch\u00e4pe&#8217;nin taparcas\u0131na \u00f6vmekleri.<\/p>\n<p>Su\u00e7lu olan Wohlleben&#8217;nin o derfterdeki \u00f6zetisi \u00e7ocukluktan beri kendisini a\u015f\u0131r\u0131 \u0131rk\u00e7\u0131 bir ki\u015fili\u011fe sahib oldu\u011funu ortaya koyuyor. Ve kendi sa\u011f idyolojisine uymayan her\u015feye kar\u015f\u0131 olan bu kin ile, \u00f6ld\u00fcrmeye haz\u0131r oldu\u011funu g\u00f6steriyor.<\/p>\n<p>Wohlleben neyi yazd\u0131\u011f\u0131n\u0131n\u0131n bilincindeydi. Mundlos, Zsch\u00e4pe, B\u00f6hnhardt, Gerlach ve Kapke onun en yak\u0131n dostlar\u0131yd\u0131. Uzun zamandan beri arkada\u015fl\u0131klar\u0131 ve politik \u00f6rg\u00fctleme bunlar\u0131 ba\u011fl\u0131yordu. Ayr\u0131ca Wohlleben, sa\u00e7ma sa\u00e7ma \u0131rk\u00e7\u0131 \u00f6ld\u00fcrme fantazilerden bahs etti\u011finde, sadece kendisi i\u00e7in de\u011filde birde Jena&#8217;n\u0131n t\u00fcm arkada\u015fl\u0131k \u00e7evresi i\u00e7in konu\u015ftu\u011funun bilincindeydi. Belli ki Wohlleben tam p\u00fcf noktas\u0131n\u0131 yakalad\u0131, yoksa Kapke o defteri y\u0131llar boyunca saklamazd\u0131.<\/p>\n","protected":false},"excerpt":{"rendered":"<p>&#8216;Bac\u0131n\u0131z\u0131n e\u015finde temiz alman kan\u0131 yoktur, dediniz?&#8217; (Avukat Olaf Klemke, Ralf Wohlleben&#8217;nin savunmac\u0131s\u0131) Bir polis memur sorgulamas\u0131ndan sonra, yeniden su\u00e7lu olan Carsten Schultze&#8217;nin, bu sefer Ralf Wohlleben&#8217;nin savunmac\u0131 taraf\u0131ndan, sorgulamaya ba\u015flay\u0131nca, gerilim \u00e7oktu. Ba\u015flang\u0131\u00e7ta Schultze, Wohlleben&#8217;nin savunmac\u0131 taraf\u0131ndan ki gelen sorular\u0131 reddetmi\u015fti. Kendisi haks\u0131zl\u0131\u011fa u\u011frad\u0131\u011f\u0131n\u0131 diyordu, \u00e7\u00fcnk\u00fc kendisi datail\u0131 ifade vermek zorundayken, Wohlleben susuyordu. Fakat [&hellip;]<\/p>\n","protected":false},"author":1,"featured_media":0,"comment_status":"closed","ping_status":"closed","sticky":false,"template":"","format":"standard","meta":{"_s2mail":"","footnotes":""},"categories":[1],"tags":[],"class_list":["post-245","post","type-post","status-publish","format-standard","hentry","category-allgemein"],"_links":{"self":[{"href":"https:\/\/www.nsu-nebenklage.de\/tr\/wp-json\/wp\/v2\/posts\/245","targetHints":{"allow":["GET"]}}],"collection":[{"href":"https:\/\/www.nsu-nebenklage.de\/tr\/wp-json\/wp\/v2\/posts"}],"about":[{"href":"https:\/\/www.nsu-nebenklage.de\/tr\/wp-json\/wp\/v2\/types\/post"}],"author":[{"embeddable":true,"href":"https:\/\/www.nsu-nebenklage.de\/tr\/wp-json\/wp\/v2\/users\/1"}],"replies":[{"embeddable":true,"href":"https:\/\/www.nsu-nebenklage.de\/tr\/wp-json\/wp\/v2\/comments?post=245"}],"version-history":[{"count":0,"href":"https:\/\/www.nsu-nebenklage.de\/tr\/wp-json\/wp\/v2\/posts\/245\/revisions"}],"wp:attachment":[{"href":"https:\/\/www.nsu-nebenklage.de\/tr\/wp-json\/wp\/v2\/media?parent=245"}],"wp:term":[{"taxonomy":"category","embeddable":true,"href":"https:\/\/www.nsu-nebenklage.de\/tr\/wp-json\/wp\/v2\/categories?post=245"},{"taxonomy":"post_tag","embeddable":true,"href":"https:\/\/www.nsu-nebenklage.de\/tr\/wp-json\/wp\/v2\/tags?post=245"}],"curies":[{"name":"wp","href":"https:\/\/api.w.org\/{rel}","templated":true}]}}