{"id":297,"date":"2013-11-13T00:42:21","date_gmt":"2013-11-12T22:42:21","guid":{"rendered":"http:\/\/www.nsu-nebenklage.de\/tr\/?p=297"},"modified":"2013-11-17T15:45:29","modified_gmt":"2013-11-17T13:45:29","slug":"12-11-2013","status":"publish","type":"post","link":"https:\/\/www.nsu-nebenklage.de\/tr\/2013\/11\/13\/12-11-2013\/","title":{"rendered":"12.11.2013"},"content":{"rendered":"<h4>&#8216;Holger Gerlach&#8217;\u0131n NSU&#8217;yu desteklemesi \u2013 ve \u015fahit korumalar\u0131n &#8216;Holger Gerlach&#8217;\u0131 desteklemesi?<\/h4>\n<p>Zor kan\u0131t konularda ba\u015f hakimin tutkulu uygulanabilinmeyen zaman pilanlamas\u0131, bug\u00fcnki dava g\u00fcn\u00fc yeniden g\u00f6sterdi. Pilanlamada olan sekiz \u015fahitten, d\u00f6rd\u00fc eve geri yolland\u0131. &#8216;Mandy Struck&#8217;, &#8216;Brigitte B\u00f6hnhardt&#8217; \u2013 &#8216;Uwe B\u00f6hnhardt&#8217;\u0131n annesi, &#8216;NSU&#8217;dan genelge alan bir Nazi hayran magazinin edit\u00f6r\u00fc ve bir polis memuru. \u00d6ncelikle, ara\u00e7 kiralama yerlerinden \u00fc\u00e7 \u00e7al\u0131\u015fan sorguland\u0131. O ara\u00e7 kiralanma yerlerden &#8216;NSU&#8217;nun yapt\u0131\u011f\u0131 suikastlar\u0131 i\u00e7in karavanlar kiraland\u0131. &#8216;B\u00f6hnhardt&#8217; ve &#8216;Mundlos&#8217;un \u00f6lmeden, bir \u00f6nce yapt\u0131klar\u0131 en son &#8216;Eisenach&#8217;daki banka soygunu i\u00e7in kullan\u0131ld\u0131. Kiralama an\u0131nda siyah sa\u00e7l\u0131 bayan ve bir \u00e7ocuk vard\u0131. Fakat \u015fahitler kesin kimseyi te\u015fhis edemedi.<\/p>\n<p>2005\/2006&#8217;da en az hastal\u0131k sigorta kart\u0131n\u0131, 300\u20ac&#8217;ya su\u00e7lu olan &#8216;Holger Gerlach&#8217;a satan &#8216;Sylvia Scheidemantel&#8217;in, \u00f6\u011fle paydosundan sonra sadece onun sorgulanmas\u0131 yap\u0131ld\u0131. Bu kart&#8217;nan en az bir, b\u00fcy\u00fck ihtimale g\u00f6re &#8216;Beate Zsch\u00e4pe&#8217;, doktor muhanesi yap\u0131ld\u0131. Bu \u015fahit bayan\u0131n ki\u015fisel bilgileri, &#8216;NSU&#8217; b\u00fcy\u00fck ihtimale g\u00f6re daha detail\u0131 bilgiler ald\u0131, farkl\u0131 farkl\u0131 i\u015f i\u00e7in kullan\u0131ld\u0131.<\/p>\n<p>Sorgulanman\u0131n geli\u015fmesi yeniden kat\u0131, siste kurcalar gibi, unutganl\u0131klarla devam etti. Tabiki bayan \u015fahit, bu hastal\u0131k sigorta kart\u0131n neden kullan\u0131labilece\u011fine dair, hi\u00e7bir \u015fekilde kafas\u0131n\u0131 yormad\u0131. Tabiki hi\u00e7bir zaman ne &#8216;Gerlach&#8217;ile nede kocas\u0131yla (ayr\u0131ca kocas\u0131 \u00fczerine &#8216;Gerlach&#8217; ile tan\u0131\u015ft\u0131) politik konular \u00fczerine konu\u015fmad\u0131. \u0130ki adam\u0131n dost olmas\u0131, tabi bayan \u015fahit i\u00e7in hi\u00e7bir \u00f6nemi yoktu. Polisteki sorgulamadan \u00f6nce ve sonra, e\u015fiyle konu\u015ftu\u011fu konular\u0131da hat\u0131rlamam\u0131yordu.<\/p>\n<p>Fakat 2012&#8217;deki \u00f6nemli olabilen, bayan \u015fahidin &#8216;Gerlach&#8217; ile bulu\u015fmas\u0131. Olay, direk &#8216;Gerlach&#8217;\u0131n tutuklulu\u011fun serbest b\u0131rak\u0131lmas\u0131ndan sonrayd\u0131. &#8216;Gerlach&#8217; \u015fahit korumalar\u0131ndan getirildi ve geri al\u0131nd\u0131. \u201cTelefonla Gerlach benim e\u015fimi arad\u0131. Bizden hari\u00e7 &#8216;Holger&#8217;in annesi ve sevgilisi yan\u0131m\u0131zdayd\u0131. Ben az veya \u00e7ok ikisiyle konu\u015ftum. Fakat e\u015fimin (&#8216;Alexander Scheidemantel&#8217;) ve &#8216;Gerlach&#8217;\u0131n konu\u015fmalar\u0131n\u0131 duyamad\u0131m. \u015eahit korumalar\u0131 onu getirdiler ve ard\u0131ndan geri almaya geldiler. \u0130ki sivil polisti.\u201d<\/p>\n<p>\u015eahit korumalar\u0131n b\u00f6yle bir hareketi, her temel presibe kar\u015f\u0131 bir rezalet olur. \u00c7\u00fcnk\u00fc ozaman &#8216;Gerlach&#8217; y\u00fckl\u00fc \u015fahidi direk etkiliyebilme imkan\u0131 olur. Bundan dolay\u0131, olayla ilgili olan memurlardan resmi bir a\u00e7\u0131klama, o s\u00fcre\u00e7 i\u00e7in var olan kay\u0131tlar\u0131n ara\u015ft\u0131r\u0131lmas\u0131 ve o memurlar\u0131n sorgulanmas\u0131 dilek\u00e7esinde bulundu, m\u00fcdahil davac\u0131 temsilcileri.<\/p>\n","protected":false},"excerpt":{"rendered":"<p>&#8216;Holger Gerlach&#8217;\u0131n NSU&#8217;yu desteklemesi \u2013 ve \u015fahit korumalar\u0131n &#8216;Holger Gerlach&#8217;\u0131 desteklemesi? Zor kan\u0131t konularda ba\u015f hakimin tutkulu uygulanabilinmeyen zaman pilanlamas\u0131, bug\u00fcnki dava g\u00fcn\u00fc yeniden g\u00f6sterdi. Pilanlamada olan sekiz \u015fahitten, d\u00f6rd\u00fc eve geri yolland\u0131. &#8216;Mandy Struck&#8217;, &#8216;Brigitte B\u00f6hnhardt&#8217; \u2013 &#8216;Uwe B\u00f6hnhardt&#8217;\u0131n annesi, &#8216;NSU&#8217;dan genelge alan bir Nazi hayran magazinin edit\u00f6r\u00fc ve bir polis memuru. \u00d6ncelikle, ara\u00e7 [&hellip;]<\/p>\n","protected":false},"author":1,"featured_media":0,"comment_status":"closed","ping_status":"closed","sticky":false,"template":"","format":"standard","meta":{"_s2mail":"","footnotes":""},"categories":[1],"tags":[],"class_list":["post-297","post","type-post","status-publish","format-standard","hentry","category-allgemein"],"_links":{"self":[{"href":"https:\/\/www.nsu-nebenklage.de\/tr\/wp-json\/wp\/v2\/posts\/297","targetHints":{"allow":["GET"]}}],"collection":[{"href":"https:\/\/www.nsu-nebenklage.de\/tr\/wp-json\/wp\/v2\/posts"}],"about":[{"href":"https:\/\/www.nsu-nebenklage.de\/tr\/wp-json\/wp\/v2\/types\/post"}],"author":[{"embeddable":true,"href":"https:\/\/www.nsu-nebenklage.de\/tr\/wp-json\/wp\/v2\/users\/1"}],"replies":[{"embeddable":true,"href":"https:\/\/www.nsu-nebenklage.de\/tr\/wp-json\/wp\/v2\/comments?post=297"}],"version-history":[{"count":0,"href":"https:\/\/www.nsu-nebenklage.de\/tr\/wp-json\/wp\/v2\/posts\/297\/revisions"}],"wp:attachment":[{"href":"https:\/\/www.nsu-nebenklage.de\/tr\/wp-json\/wp\/v2\/media?parent=297"}],"wp:term":[{"taxonomy":"category","embeddable":true,"href":"https:\/\/www.nsu-nebenklage.de\/tr\/wp-json\/wp\/v2\/categories?post=297"},{"taxonomy":"post_tag","embeddable":true,"href":"https:\/\/www.nsu-nebenklage.de\/tr\/wp-json\/wp\/v2\/tags?post=297"}],"curies":[{"name":"wp","href":"https:\/\/api.w.org\/{rel}","templated":true}]}}