{"id":305,"date":"2013-11-15T08:35:46","date_gmt":"2013-11-15T06:35:46","guid":{"rendered":"http:\/\/www.nsu-nebenklage.de\/tr\/?p=305"},"modified":"2013-11-22T07:54:23","modified_gmt":"2013-11-22T05:54:23","slug":"14-11-2013","status":"publish","type":"post","link":"https:\/\/www.nsu-nebenklage.de\/tr\/2013\/11\/15\/14-11-2013\/","title":{"rendered":"14.11.2013"},"content":{"rendered":"<h4>&#8216;Zsch\u00e4pe&#8217;nin NSU daki rol\u00fc<\/h4>\n<p>Ana davan\u0131n ba\u015flang\u0131c\u0131nda m\u00fcdahil davac\u0131 temsilcileri &#8216;Hoffmann&#8217; ve &#8216;P\u0131nar&#8217; bir adli-dilbilim rapor dilek\u00e7esinde bulundular: \u00c7e\u015fitli &#8216;Nazi&#8217;grublara yollan\u0131lan, &#8216;Fr\u00fchlingsstrasse&#8217;de para ile birlikte bulunan NSU&#8217;nun bir propaganda yaz\u0131s\u0131, &#8216;Uwe Mundlos&#8217;un bir muktubuyla ve ceza evinden &#8216;Zsch\u00e4pe&#8217; taraf\u0131ndan &#8216;Robin Schmiemann&#8217;a g\u00f6nderilen muktubuyla kar\u015f\u0131la\u015ft\u0131r\u0131lmas\u0131n\u0131 istiyorlar. Bu rapor &#8216;Zsch\u00e4pe&#8217;nin de, denilen NSU manifestosunda yazar oldu\u011funa dair ipucu verebilir. Buda &#8216;Zsch\u00e4pe&#8217;nin NSU-cinayetlerde su\u00e7 ortakl\u0131l\u0131\u011f\u0131ndan yarg\u0131lanabilme imkan\u0131 oldu\u011funu belirtir.<\/p>\n<p>Devam\u0131nda &#8216;Zwickau&#8217;daki &#8216;Polenzstrasse&#8217;den (sokak) &#8216;Zsch\u00e4pe&#8217;, &#8216;Mundlos&#8217; ve &#8216;B\u00f6hnhardt&#8217;\u0131n eski kom\u015fular\u0131 sorguland\u0131. &#8216;Zsch\u00e4pe&#8217;yle a\u00e7\u0131k bir \u015fekilde sempati duyduklar\u0131n\u0131 ve onun \u00fczerine k\u00f6t\u00fc bir \u015fey demek istemedikleri ve diyemedikleri, korkun\u00e7tu. Bu insanlar demekki &#8216;Zsch\u00e4pe&#8217;nin bir cinayet dizisinin par\u00e7as\u0131 oldu\u011funu, daha kavriyamam\u0131\u015flar. Veya eski kom\u015fusu i\u00e7in \u00e7izdikleri resimi etkilemek i\u00e7in yetmiyor.<\/p>\n","protected":false},"excerpt":{"rendered":"<p>&#8216;Zsch\u00e4pe&#8217;nin NSU daki rol\u00fc Ana davan\u0131n ba\u015flang\u0131c\u0131nda m\u00fcdahil davac\u0131 temsilcileri &#8216;Hoffmann&#8217; ve &#8216;P\u0131nar&#8217; bir adli-dilbilim rapor dilek\u00e7esinde bulundular: \u00c7e\u015fitli &#8216;Nazi&#8217;grublara yollan\u0131lan, &#8216;Fr\u00fchlingsstrasse&#8217;de para ile birlikte bulunan NSU&#8217;nun bir propaganda yaz\u0131s\u0131, &#8216;Uwe Mundlos&#8217;un bir muktubuyla ve ceza evinden &#8216;Zsch\u00e4pe&#8217; taraf\u0131ndan &#8216;Robin Schmiemann&#8217;a g\u00f6nderilen muktubuyla kar\u015f\u0131la\u015ft\u0131r\u0131lmas\u0131n\u0131 istiyorlar. Bu rapor &#8216;Zsch\u00e4pe&#8217;nin de, denilen NSU manifestosunda yazar oldu\u011funa dair [&hellip;]<\/p>\n","protected":false},"author":1,"featured_media":0,"comment_status":"closed","ping_status":"closed","sticky":false,"template":"","format":"standard","meta":{"_s2mail":"","footnotes":""},"categories":[1],"tags":[],"class_list":["post-305","post","type-post","status-publish","format-standard","hentry","category-allgemein"],"_links":{"self":[{"href":"https:\/\/www.nsu-nebenklage.de\/tr\/wp-json\/wp\/v2\/posts\/305","targetHints":{"allow":["GET"]}}],"collection":[{"href":"https:\/\/www.nsu-nebenklage.de\/tr\/wp-json\/wp\/v2\/posts"}],"about":[{"href":"https:\/\/www.nsu-nebenklage.de\/tr\/wp-json\/wp\/v2\/types\/post"}],"author":[{"embeddable":true,"href":"https:\/\/www.nsu-nebenklage.de\/tr\/wp-json\/wp\/v2\/users\/1"}],"replies":[{"embeddable":true,"href":"https:\/\/www.nsu-nebenklage.de\/tr\/wp-json\/wp\/v2\/comments?post=305"}],"version-history":[{"count":0,"href":"https:\/\/www.nsu-nebenklage.de\/tr\/wp-json\/wp\/v2\/posts\/305\/revisions"}],"wp:attachment":[{"href":"https:\/\/www.nsu-nebenklage.de\/tr\/wp-json\/wp\/v2\/media?parent=305"}],"wp:term":[{"taxonomy":"category","embeddable":true,"href":"https:\/\/www.nsu-nebenklage.de\/tr\/wp-json\/wp\/v2\/categories?post=305"},{"taxonomy":"post_tag","embeddable":true,"href":"https:\/\/www.nsu-nebenklage.de\/tr\/wp-json\/wp\/v2\/tags?post=305"}],"curies":[{"name":"wp","href":"https:\/\/api.w.org\/{rel}","templated":true}]}}