{"id":309,"date":"2013-11-21T10:55:42","date_gmt":"2013-11-21T08:55:42","guid":{"rendered":"http:\/\/www.nsu-nebenklage.de\/tr\/?p=309"},"modified":"2013-11-24T17:15:13","modified_gmt":"2013-11-24T15:15:13","slug":"20-11-2013","status":"publish","type":"post","link":"https:\/\/www.nsu-nebenklage.de\/tr\/2013\/11\/21\/20-11-2013\/","title":{"rendered":"20.11.2013"},"content":{"rendered":"<h4>20.11.2013 \u2013 &#8216;B\u00f6hnhardt&#8217;\u0131n annesinin sorgulanmas\u0131n\u0131n devam\u0131<\/h4>\n<p>&#8216;Uwe B\u00f6hnhardt&#8217;\u0131n annes\u0131n\u0131n sorgulanmas\u0131 dava g\u00fcn\u00fc boyunca s\u00fcrd\u00fc. Ba\u015f hakimin sorgulamas\u0131nda, d\u00fcnya bak\u0131\u015f a\u00e7\u0131s\u0131 ayn\u0131yd\u0131. Bazen \u00fc\u00e7\u00fc sa\u011f g\u00f6r\u00fc\u015fl\u00fc gen\u00e7lerdi, bazende dairelerin keyfi hareketlerin kurban\u0131. &#8216;Beate Zsch\u00e4pe&#8217; bug\u00fcne kadar ona g\u00f6re sevimli gen\u00e7 bir bayand\u0131r. Bayan \u015fahit &#8216;Beate Zsch\u00e4pe&#8217;ye do\u011fru y\u00f6neldi ve iki &#8216;Uwe&#8217;lerin intahar\u0131ndan sonra &#8216;B\u00f6hnhardt&#8217; ailesini arad\u0131\u011f\u0131 i\u00e7in, te\u015fek\u00fcr etti. Sonunda bayan &#8216;B\u00f6hnhardt&#8217; kurban ailelerine ac\u0131ma kelimeri, fakat kendi durumunu onlar\u0131n ac\u0131s\u0131yla e\u015fitlemeye \u00e7al\u0131\u015ft\u0131. Bu aileleri en iyi kendisinin anlaya bildi\u011fi iddias\u0131n\u0131, \u00e7o\u011fu m\u00fcdahil davac\u0131 temsilcilerin mi\u011fdesini buland\u0131rd\u0131.<\/p>\n<p>O\u011flunun ilegaliteye girmeden i\u015fledi\u011fi su\u00e7lar\u0131n\u0131n sitemlerini savu\u015fturdu. Yan\u0131ndaki mahkuma yapt\u0131\u011f\u0131 i\u015fkence benzeri tacizlerden ve ondan dolay\u0131 kendisinin ald\u0131\u011f\u0131 su\u00e7 duyurusundan, kad\u0131n\u0131n s\u00f6zde haberi yokmu\u015f. O\u011flunun yapt\u0131\u011f\u0131, \u00e7ok say\u0131da araba h\u0131rs\u0131zl\u0131klar\u0131 ve benzeri su\u00e7lar\u0131, kad\u0131n sadece ve sadece b\u00fcy\u00fck ya\u015ftak\u0131 su\u00e7 ortakl\u0131lar\u0131na verdi. Eski arkada\u015flar\u0131 o\u011flu agresif, bask\u0131n ve \u015fiddetli biri oldu\u011funu a\u00e7\u0131klad\u0131. Kad\u0131n bunlar\u0131 reddetti ve bug\u00fcnki ruh hallere uygun bir a\u00e7\u0131klama oldu\u011funu, belirtti.<\/p>\n<p>\u00d6\u011flenden sonraki az \u00f6ncesindeki bir c\u00fcmlesinden niyeti belli oldu: \u201cSavc\u0131l\u0131k, \u00fc\u00e7\u00fc o su\u00e7lar\u0131 i\u015fledi\u011fine dair her kan\u0131t\u0131 arad\u0131\u011f\u0131n\u0131, biliyormusunuz ve ben bir anne olarak \u00f6yle olmad\u0131\u011f\u0131n\u0131 her \u015fekilde inanmak istiyorum.\u201d O\u011flunun ki\u015fili\u011finin de\u011ferlendirmesi, annesinin ifadesi kullan\u0131lamaz.<\/p>\n<p>Ba\u015f hakimin ele\u015ftirici sorular sormas\u0131n\u0131n nedeni: \u015eahidin son ifadelerinden sonra, yani o\u011flunun e\u015fyalar\u0131n\u0131n tesliminin baz\u0131 detailar\u0131n\u0131 gizledi\u011fi belli oldu\u011fuydu. Uzun uzun sorulardan sonra, \u015fu \u015f\u00fcphe kal\u0131yor: \u00c7ok say\u0131da o \u00fc\u00e7 ki\u015fiyi destekleyenlerle g\u00f6r\u00fc\u015fmeler oldu\u011funu ve \u015fahidin bilipte burda demek istemedikleridir.<\/p>\n<p>&#8216;Andr\u00e9 Kapke&#8217;nin sorgulanmas\u0131 bug\u00fcnden yar\u0131na ertelendi. &#8216;Christian Kapke&#8217;nin sorgulanmas\u0131 ise bu hafta i\u00e7in kompile kalkt\u0131.<\/p>\n","protected":false},"excerpt":{"rendered":"<p>20.11.2013 \u2013 &#8216;B\u00f6hnhardt&#8217;\u0131n annesinin sorgulanmas\u0131n\u0131n devam\u0131 &#8216;Uwe B\u00f6hnhardt&#8217;\u0131n annes\u0131n\u0131n sorgulanmas\u0131 dava g\u00fcn\u00fc boyunca s\u00fcrd\u00fc. Ba\u015f hakimin sorgulamas\u0131nda, d\u00fcnya bak\u0131\u015f a\u00e7\u0131s\u0131 ayn\u0131yd\u0131. Bazen \u00fc\u00e7\u00fc sa\u011f g\u00f6r\u00fc\u015fl\u00fc gen\u00e7lerdi, bazende dairelerin keyfi hareketlerin kurban\u0131. &#8216;Beate Zsch\u00e4pe&#8217; bug\u00fcne kadar ona g\u00f6re sevimli gen\u00e7 bir bayand\u0131r. Bayan \u015fahit &#8216;Beate Zsch\u00e4pe&#8217;ye do\u011fru y\u00f6neldi ve iki &#8216;Uwe&#8217;lerin intahar\u0131ndan sonra &#8216;B\u00f6hnhardt&#8217; ailesini arad\u0131\u011f\u0131 [&hellip;]<\/p>\n","protected":false},"author":1,"featured_media":0,"comment_status":"closed","ping_status":"closed","sticky":false,"template":"","format":"standard","meta":{"_s2mail":"","footnotes":""},"categories":[1],"tags":[],"class_list":["post-309","post","type-post","status-publish","format-standard","hentry","category-allgemein"],"_links":{"self":[{"href":"https:\/\/www.nsu-nebenklage.de\/tr\/wp-json\/wp\/v2\/posts\/309","targetHints":{"allow":["GET"]}}],"collection":[{"href":"https:\/\/www.nsu-nebenklage.de\/tr\/wp-json\/wp\/v2\/posts"}],"about":[{"href":"https:\/\/www.nsu-nebenklage.de\/tr\/wp-json\/wp\/v2\/types\/post"}],"author":[{"embeddable":true,"href":"https:\/\/www.nsu-nebenklage.de\/tr\/wp-json\/wp\/v2\/users\/1"}],"replies":[{"embeddable":true,"href":"https:\/\/www.nsu-nebenklage.de\/tr\/wp-json\/wp\/v2\/comments?post=309"}],"version-history":[{"count":0,"href":"https:\/\/www.nsu-nebenklage.de\/tr\/wp-json\/wp\/v2\/posts\/309\/revisions"}],"wp:attachment":[{"href":"https:\/\/www.nsu-nebenklage.de\/tr\/wp-json\/wp\/v2\/media?parent=309"}],"wp:term":[{"taxonomy":"category","embeddable":true,"href":"https:\/\/www.nsu-nebenklage.de\/tr\/wp-json\/wp\/v2\/categories?post=309"},{"taxonomy":"post_tag","embeddable":true,"href":"https:\/\/www.nsu-nebenklage.de\/tr\/wp-json\/wp\/v2\/tags?post=309"}],"curies":[{"name":"wp","href":"https:\/\/api.w.org\/{rel}","templated":true}]}}