{"id":383,"date":"2014-01-21T23:35:17","date_gmt":"2014-01-21T22:35:17","guid":{"rendered":"http:\/\/www.nsu-nebenklage.de\/tr\/?p=383"},"modified":"2014-01-22T16:25:24","modified_gmt":"2014-01-22T15:25:24","slug":"21-01-2014","status":"publish","type":"post","link":"https:\/\/www.nsu-nebenklage.de\/tr\/2014\/01\/21\/21-01-2014\/","title":{"rendered":"21.01.2014"},"content":{"rendered":"<h4>\u00d6nemli birka\u00e7 noktayla birlikte toplanan deliller<\/h4>\n<p>Bug\u00fcn, beklendi\u011fi \u00fczere delillerin toplanmas\u0131 genel olarak bir sonuca g\u00f6t\u00fcrmedi. Susan Eminger, san\u0131k Eminger&#8217;in e\u015fi ve de san\u0131k Zsch\u00e4pe&#8217;nin arkada\u015f\u0131d\u0131r. Kendisinin NSU&#8217;yu destekledi\u011finden \u015f\u00fcphelenilen Susan Eminger beklendi\u011fi gibi ifade vermeyi reddetti.<\/p>\n<p>Di\u011fer tan\u0131k, Kassel&#8217;de Halit Yozgat taraf\u0131ndan i\u015fletilen internet kafenin ziyaret\u00e7isi olan gen\u00e7ti. Cinayet esnas\u0131nda olay yerinde bulunan gen\u00e7, \u00f6ld\u00fcr\u00fclen Halit Yozgat&#8217;\u0131 buldu\u011fu an\u0131 anlatt\u0131. Tan\u0131k, olay an\u0131na dair somut olarak birka\u00e7 \u015fey hat\u0131rl\u0131yordu; ancak yine de, olay yerinde bulunan Anayasay\u0131 Koruma Dairesi ajan\u0131 olan Temme&#8217;yi tarif etti: &#8221;beyaz, uzun boylu ve iri yap\u0131l\u0131, yani g\u00f6r\u00fcn\u00fc\u015f\u00fcnden Alman oldu\u011fu kolayca anla\u015f\u0131l\u0131yordu&#8221;. Temme&#8217;nin iddias\u0131n\u0131n aksine, O&#8217;nu s\u0131kl\u0131kla ne kafede ne de kafeden d\u0131\u015far\u0131 \u00e7\u0131karken g\u00f6rmemi\u015fti. Temme ise daha \u00f6nceki duru\u015fmalarda \u00f6len Halit Yozgat&#8217;\u0131 g\u00f6rmedi\u011fini, kafenin kap\u0131s\u0131n\u0131n \u00f6n\u00fcnde ve i\u00e7inde Yozgat&#8217;\u0131 bir\u00e7ok kez g\u00f6rd\u00fc\u011f\u00fcn\u00fc, dikkat \u00e7eken bir durumun olmad\u0131\u011f\u0131n\u0131 ifade etmi\u015fti.<\/p>\n<p>Duru\u015fmada Heilbronn&#8217;da meydana gelen olaya dair tan\u0131k ifadesine ba\u015fvuruldu. Tan\u0131k, olay yerinin yak\u0131n\u0131nda bisikletli iki ki\u015fi g\u00f6rm\u00fc\u015ft\u00fc. Olay yerinin rahatl\u0131kla g\u00f6r\u00fclebilece\u011fi bir yerde duran bisikletliler y\u00fcksek sesle tart\u0131\u015f\u0131yorlard\u0131. Oradan ve ayn\u0131 \u015fekilde olay yerinden sadece k\u0131sa bir mesafe uzakl\u0131kta olan bir otoparka dikkatleri \u00e7ekmeden karavan\u0131 park etmi\u015f olabilirlerdi. Yoldan ge\u00e7en ba\u015fka bir ki\u015fi de sald\u0131r\u0131n\u0131n ger\u00e7ekle\u015fti\u011fi yerde s\u0131kl\u0131kla polis ara\u00e7lar\u0131n\u0131n durdu\u011funu ifade etti. B\u00f6ylece, bu iki ifade Heilbronn&#8217;daki sald\u0131r\u0131n\u0131n kurbanlar\u0131n\u0131n tesad\u00fcfen se\u00e7ilmi\u015f oldu\u011funa i\u015faret ediyor. \u00c7\u00fcnk\u00fc, onlar\u0131n bulundu\u011fu yerde s\u0131k\u00e7a polisler park ediyorlard\u0131 ve oradan ka\u00e7mak i\u00e7in iyi bir ka\u00e7\u0131\u015f yollar\u0131 vard\u0131.<\/p>\n<p>Bunun kar\u015f\u0131s\u0131nda, bir polis memurunun Kiesewetter ve Arnold&#8217;un Nazi grubu KuKluxKlan&#8217;\u0131n \u00fcyesi de olan amiri hakk\u0131ndaki ifadeleri yer ald\u0131. O, Kiesewetter ve Arnold&#8217;un amiri olarak onlar\u0131n g\u00f6rev yerleri ve g\u00fczergahlar\u0131 i\u00e7in talimat veriyordu. Her durumda bu Nazi, o g\u00fcn her iki polisin de g\u00f6revde olduklar\u0131n\u0131 sadece bilmekle kalm\u0131yordu; ayn\u0131 zamanda onlara olay yeri emrini vermek i\u00e7in bir imkana da sahip olmu\u015f olabilirdi.<\/p>\n","protected":false},"excerpt":{"rendered":"<p>\u00d6nemli birka\u00e7 noktayla birlikte toplanan deliller Bug\u00fcn, beklendi\u011fi \u00fczere delillerin toplanmas\u0131 genel olarak bir sonuca g\u00f6t\u00fcrmedi. Susan Eminger, san\u0131k Eminger&#8217;in e\u015fi ve de san\u0131k Zsch\u00e4pe&#8217;nin arkada\u015f\u0131d\u0131r. Kendisinin NSU&#8217;yu destekledi\u011finden \u015f\u00fcphelenilen Susan Eminger beklendi\u011fi gibi ifade vermeyi reddetti. Di\u011fer tan\u0131k, Kassel&#8217;de Halit Yozgat taraf\u0131ndan i\u015fletilen internet kafenin ziyaret\u00e7isi olan gen\u00e7ti. Cinayet esnas\u0131nda olay yerinde bulunan gen\u00e7, [&hellip;]<\/p>\n","protected":false},"author":1,"featured_media":0,"comment_status":"closed","ping_status":"closed","sticky":false,"template":"","format":"standard","meta":{"_s2mail":"","footnotes":""},"categories":[1],"tags":[],"class_list":["post-383","post","type-post","status-publish","format-standard","hentry","category-allgemein"],"_links":{"self":[{"href":"https:\/\/www.nsu-nebenklage.de\/tr\/wp-json\/wp\/v2\/posts\/383","targetHints":{"allow":["GET"]}}],"collection":[{"href":"https:\/\/www.nsu-nebenklage.de\/tr\/wp-json\/wp\/v2\/posts"}],"about":[{"href":"https:\/\/www.nsu-nebenklage.de\/tr\/wp-json\/wp\/v2\/types\/post"}],"author":[{"embeddable":true,"href":"https:\/\/www.nsu-nebenklage.de\/tr\/wp-json\/wp\/v2\/users\/1"}],"replies":[{"embeddable":true,"href":"https:\/\/www.nsu-nebenklage.de\/tr\/wp-json\/wp\/v2\/comments?post=383"}],"version-history":[{"count":0,"href":"https:\/\/www.nsu-nebenklage.de\/tr\/wp-json\/wp\/v2\/posts\/383\/revisions"}],"wp:attachment":[{"href":"https:\/\/www.nsu-nebenklage.de\/tr\/wp-json\/wp\/v2\/media?parent=383"}],"wp:term":[{"taxonomy":"category","embeddable":true,"href":"https:\/\/www.nsu-nebenklage.de\/tr\/wp-json\/wp\/v2\/categories?post=383"},{"taxonomy":"post_tag","embeddable":true,"href":"https:\/\/www.nsu-nebenklage.de\/tr\/wp-json\/wp\/v2\/tags?post=383"}],"curies":[{"name":"wp","href":"https:\/\/api.w.org\/{rel}","templated":true}]}}