{"id":395,"date":"2014-01-28T16:08:39","date_gmt":"2014-01-28T15:08:39","guid":{"rendered":"http:\/\/www.nsu-nebenklage.de\/tr\/?p=395"},"modified":"2014-01-29T09:41:33","modified_gmt":"2014-01-29T08:41:33","slug":"28-01-2014","status":"publish","type":"post","link":"https:\/\/www.nsu-nebenklage.de\/tr\/2014\/01\/28\/28-01-2014\/","title":{"rendered":"28.01.2014"},"content":{"rendered":"<p>Bug\u00fcnk\u00fc duru\u015fma hayal k\u0131r\u0131kl\u0131\u011f\u0131 i\u00e7inde ge\u00e7ti. San\u0131k Wohlleben ve Schulze&#8217;ye Ceska silah\u0131n\u0131n teslimi hususunda sorgulanmas\u0131 beklenen ve kendisi de Nazi olan tan\u0131k Andreas Schultz, kendi aleyhine olabilece\u011fi gerek\u00e7esiyle ifade vermeyi reddetti.<\/p>\n<p>Kas\u0131m ay\u0131nda tan\u0131k olarak dinlenen Liebau&#8217;nun, Wohlleben&#8217;i Schultz&#8217;a silah sat\u0131\u015f\u0131na g\u00f6ndermesinden dolay\u0131 ifade vermesi beklenirken, kendisi hala hat\u0131rlama (!) sorunu \u00e7ekiyor.<\/p>\n<p>Duru\u015fmaya \u00e7ar\u015famba g\u00fcn\u00fc, di\u011ferlerinin yan\u0131 s\u0131ra, Anayasay\u0131 Koruma Dairesi eski g\u00f6revlisi Temme&#8217;nin sorgulanmas\u0131yla devam edilecek.<\/p>\n","protected":false},"excerpt":{"rendered":"<p>Bug\u00fcnk\u00fc duru\u015fma hayal k\u0131r\u0131kl\u0131\u011f\u0131 i\u00e7inde ge\u00e7ti. San\u0131k Wohlleben ve Schulze&#8217;ye Ceska silah\u0131n\u0131n teslimi hususunda sorgulanmas\u0131 beklenen ve kendisi de Nazi olan tan\u0131k Andreas Schultz, kendi aleyhine olabilece\u011fi gerek\u00e7esiyle ifade vermeyi reddetti. Kas\u0131m ay\u0131nda tan\u0131k olarak dinlenen Liebau&#8217;nun, Wohlleben&#8217;i Schultz&#8217;a silah sat\u0131\u015f\u0131na g\u00f6ndermesinden dolay\u0131 ifade vermesi beklenirken, kendisi hala hat\u0131rlama (!) sorunu \u00e7ekiyor. Duru\u015fmaya \u00e7ar\u015famba g\u00fcn\u00fc, [&hellip;]<\/p>\n","protected":false},"author":1,"featured_media":0,"comment_status":"closed","ping_status":"closed","sticky":false,"template":"","format":"standard","meta":{"_s2mail":"","footnotes":""},"categories":[1],"tags":[],"class_list":["post-395","post","type-post","status-publish","format-standard","hentry","category-allgemein"],"_links":{"self":[{"href":"https:\/\/www.nsu-nebenklage.de\/tr\/wp-json\/wp\/v2\/posts\/395","targetHints":{"allow":["GET"]}}],"collection":[{"href":"https:\/\/www.nsu-nebenklage.de\/tr\/wp-json\/wp\/v2\/posts"}],"about":[{"href":"https:\/\/www.nsu-nebenklage.de\/tr\/wp-json\/wp\/v2\/types\/post"}],"author":[{"embeddable":true,"href":"https:\/\/www.nsu-nebenklage.de\/tr\/wp-json\/wp\/v2\/users\/1"}],"replies":[{"embeddable":true,"href":"https:\/\/www.nsu-nebenklage.de\/tr\/wp-json\/wp\/v2\/comments?post=395"}],"version-history":[{"count":0,"href":"https:\/\/www.nsu-nebenklage.de\/tr\/wp-json\/wp\/v2\/posts\/395\/revisions"}],"wp:attachment":[{"href":"https:\/\/www.nsu-nebenklage.de\/tr\/wp-json\/wp\/v2\/media?parent=395"}],"wp:term":[{"taxonomy":"category","embeddable":true,"href":"https:\/\/www.nsu-nebenklage.de\/tr\/wp-json\/wp\/v2\/categories?post=395"},{"taxonomy":"post_tag","embeddable":true,"href":"https:\/\/www.nsu-nebenklage.de\/tr\/wp-json\/wp\/v2\/tags?post=395"}],"curies":[{"name":"wp","href":"https:\/\/api.w.org\/{rel}","templated":true}]}}