{"id":400,"date":"2014-01-29T20:48:41","date_gmt":"2014-01-29T19:48:41","guid":{"rendered":"http:\/\/www.nsu-nebenklage.de\/tr\/?p=400"},"modified":"2014-04-18T12:46:19","modified_gmt":"2014-04-18T10:46:19","slug":"29-01-2014","status":"publish","type":"post","link":"https:\/\/www.nsu-nebenklage.de\/tr\/2014\/01\/29\/29-01-2014\/","title":{"rendered":"29.01.2014"},"content":{"rendered":"<h4><span style=\"line-height: 1.714285714; font-size: 1rem;\">Anayasay\u0131 Koruma Dairesi tan\u0131k Temme&#8217;nin sorgusuna y\u00f6n m\u00fc veriyor?<\/span><\/h4>\n<p>Sald\u0131r\u0131dan a\u011f\u0131r yaral\u0131 olarak kurtulan polis memuru Arnold&#8217;un doktorunun sorgusundan sonra, bug\u00fcnk\u00fc duru\u015fma g\u00f6r\u00fc\u015fler ve taleplerle ba\u015flad\u0131.<\/p>\n<p>Beklendi\u011fi gibi, Wohlleben&#8217;in avukat\u0131 tan\u0131k Liebau hakk\u0131nda, ne poliste ne de duru\u015fmada a\u00e7\u0131klam\u0131\u015ft\u0131, san\u0131k Wohlleben&#8217;in onda silah\u0131 sordu\u011funu a\u00e7\u0131klad\u0131. M\u00fcdahil avukat do\u011frudan burada, Liebau tan\u0131k olarak verdi\u011fi ifadesinde yeminsiz yanl\u0131\u015f beyanda bulundu\u011funun tesbiti i\u00e7in talepte bulundu.<\/p>\n<p>Di\u011fer g\u00f6r\u00fc\u015flerden sonra Yozgat ailesinin avukat\u0131, Hessen Anayasay\u0131 Koruma Dairesi&#8217;nin eski m\u00fcd\u00fcr\u00fc Irrgang&#8217;\u0131n sorgusunu Anayasay\u0131 Koruma Dairesi g\u00f6revlisi Temme&#8217;nin sorgusuna devam edilmeden \u00f6nce talep etti: Federal savc\u0131l\u0131\u011f\u0131n mahkeme dosyas\u0131na dahil olmayan dosyalar\u0131nda, Temme&#8217;nin bir meslekta\u015f\u0131yla olan g\u00f6r\u00fc\u015fmesinin bir protokol\u00fc yer al\u0131yor. Bu ki\u015fi protokolde Temme&#8217;nin Irrgang ile konu\u015fmas\u0131ndan bahsediyor; bu konu\u015fmada Temme kendini &#8221;polis te\u015fkilat\u0131ndaki gibi k\u0131s\u0131tlay\u0131c\u0131&#8221; olmayan bir \u015fekilde ifade ediyor.<\/p>\n<p>Federal savc\u0131l\u0131k bunun \u00fczerine en az\u0131ndan bu protokol\u00fc t\u00fcm taraflara verdi. Hem Irrgang hem de muhatab\u0131 Temme&#8217;nin dinlenmesi gerekti\u011fi a\u00e7\u0131kt\u0131r. Federal savc\u0131l\u0131k, Temme ile ilgili dava dosyalar\u0131n\u0131n neden davaya sunulmad\u0131\u011f\u0131n\u0131 gerek\u00e7elendirmede her zaman b\u00fcy\u00fck zorluk \u00e7ekiyor. Bilgilerin a\u00e7\u0131\u011fa \u00e7\u0131kar\u0131lmad\u0131\u011f\u0131 \u015f\u00fcphesi yo\u011funla\u015f\u0131yor.<\/p>\n<p>Mahkeme yine de Temme&#8217;nin sorgusuna devam etti. Bu, onun esas\u0131nda hi\u00e7bir \u015fey hat\u0131rlamad\u0131\u011f\u0131 y\u00f6n\u00fcndeki \u015f\u00fcpheli iddias\u0131nda kald\u0131. Sorgu bir kez daha tamamlanamad\u0131; saat 17 oldu\u011funda Temme&#8217;nin yeniden gelmesi gerekti\u011fi anla\u015f\u0131ld\u0131. Sorguya ne zaman devam edilece\u011fi ise hala belli de\u011fil.<\/p>\n","protected":false},"excerpt":{"rendered":"<p>Anayasay\u0131 Koruma Dairesi tan\u0131k Temme&#8217;nin sorgusuna y\u00f6n m\u00fc veriyor? Sald\u0131r\u0131dan a\u011f\u0131r yaral\u0131 olarak kurtulan polis memuru Arnold&#8217;un doktorunun sorgusundan sonra, bug\u00fcnk\u00fc duru\u015fma g\u00f6r\u00fc\u015fler ve taleplerle ba\u015flad\u0131. Beklendi\u011fi gibi, Wohlleben&#8217;in avukat\u0131 tan\u0131k Liebau hakk\u0131nda, ne poliste ne de duru\u015fmada a\u00e7\u0131klam\u0131\u015ft\u0131, san\u0131k Wohlleben&#8217;in onda silah\u0131 sordu\u011funu a\u00e7\u0131klad\u0131. M\u00fcdahil avukat do\u011frudan burada, Liebau tan\u0131k olarak verdi\u011fi ifadesinde yeminsiz [&hellip;]<\/p>\n","protected":false},"author":1,"featured_media":0,"comment_status":"closed","ping_status":"closed","sticky":false,"template":"","format":"standard","meta":{"_s2mail":"","footnotes":""},"categories":[1],"tags":[],"class_list":["post-400","post","type-post","status-publish","format-standard","hentry","category-allgemein"],"_links":{"self":[{"href":"https:\/\/www.nsu-nebenklage.de\/tr\/wp-json\/wp\/v2\/posts\/400","targetHints":{"allow":["GET"]}}],"collection":[{"href":"https:\/\/www.nsu-nebenklage.de\/tr\/wp-json\/wp\/v2\/posts"}],"about":[{"href":"https:\/\/www.nsu-nebenklage.de\/tr\/wp-json\/wp\/v2\/types\/post"}],"author":[{"embeddable":true,"href":"https:\/\/www.nsu-nebenklage.de\/tr\/wp-json\/wp\/v2\/users\/1"}],"replies":[{"embeddable":true,"href":"https:\/\/www.nsu-nebenklage.de\/tr\/wp-json\/wp\/v2\/comments?post=400"}],"version-history":[{"count":0,"href":"https:\/\/www.nsu-nebenklage.de\/tr\/wp-json\/wp\/v2\/posts\/400\/revisions"}],"wp:attachment":[{"href":"https:\/\/www.nsu-nebenklage.de\/tr\/wp-json\/wp\/v2\/media?parent=400"}],"wp:term":[{"taxonomy":"category","embeddable":true,"href":"https:\/\/www.nsu-nebenklage.de\/tr\/wp-json\/wp\/v2\/categories?post=400"},{"taxonomy":"post_tag","embeddable":true,"href":"https:\/\/www.nsu-nebenklage.de\/tr\/wp-json\/wp\/v2\/tags?post=400"}],"curies":[{"name":"wp","href":"https:\/\/api.w.org\/{rel}","templated":true}]}}